{"id":7204,"date":"2026-09-04T08:40:39","date_gmt":"2026-09-04T08:40:39","guid":{"rendered":"https:\/\/www.midireccioneuropea.com\/novo-armazem-em-barcelona-setembro-2026\/"},"modified":"2026-09-04T08:50:51","modified_gmt":"2026-09-04T08:50:51","slug":"novo-armazem-em-barcelona-setembro-2026","status":"publish","type":"post","link":"https:\/\/www.midireccioneuropea.com\/pt\/novo-armazem-em-barcelona-setembro-2026\/","title":{"rendered":"Crescemos com voc\u00ea: novo armaz\u00e9m em Barcelona, em opera\u00e7\u00e3o desde setembro de 2026"},"content":{"rendered":"<p>Na Minha Dire\u00e7\u00e3o Europeia n\u00e3o paramos de crescer, e fazemos isso com um \u00fanico objetivo: dar a voc\u00ea mais capacidade, mais rapidez e mais op\u00e7\u00f5es para receber e enviar suas compras da Europa. Por isso \u00e9 uma alegria contar que ampliamos nossa rede com um <strong>novo armaz\u00e9m em Barcelona<\/strong>, em opera\u00e7\u00e3o desde setembro de 2026 para todos os nossos clientes. Ele se soma aos armaz\u00e9ns de Barcelona e Val\u00eancia que voc\u00ea j\u00e1 conhecia, que seguem funcionando normalmente, e \u00e0 nossa rede na <a href=\"\/pt\/armazem-em-espanha\/\">Espanha<\/a>, Fran\u00e7a, It\u00e1lia, Alemanha, Reino Unido, Rep\u00fablica Tcheca, Estados Unidos, Hong Kong, China e Turquia.<\/p>\n\n<h2>Mais capacidade e processos mais r\u00e1pidos<\/h2>\n<p>Este novo centro multiplica nossa capacidade operacional e nos permite gerir um volume muito maior de pacotes com tempos de processamento mais \u00e1geis. Na pr\u00e1tica, suas compras s\u00e3o recebidas, conferidas, consolidadas e preparadas para o envio internacional mais r\u00e1pido, com a mesma rastreabilidade de sempre: foto, medidas e peso de cada pacote na sua conta, em cada etapa.<\/p>\n<div class=\"mde-video\" style=\"position:relative;padding-bottom:56.25%;height:0;overflow:hidden;max-width:100%;margin:1.5em 0;\"><iframe style=\"position:absolute;top:0;left:0;width:100%;height:100%;\" src=\"https:\/\/www.youtube.com\/embed\/NovxZq5sESU\" title=\"Somos o seu centro log\u00edstico de proximidade na Europa\" loading=\"lazy\" frameborder=\"0\" allow=\"accelerometer; autoplay; clipboard-write; encrypted-media; gyroscope; picture-in-picture\" allowfullscreen><\/iframe><\/div>\n\n<h2>Que tipo de mercadoria podemos gerir agora<\/h2>\n<p>O novo armaz\u00e9m amplia o tipo de mercadoria que podemos manejar por voc\u00ea:<\/p>\n<ul>\n<li><strong>Encomendas pequenas<\/strong>, para as compras do dia a dia: moda, eletr\u00f4nicos, pe\u00e7as de reposi\u00e7\u00e3o, colecion\u00e1veis.<\/li>\n<li><strong>Cargas e envios de maior tamanho<\/strong>, quando voc\u00ea precisa mover mais volume: caixas grandes, pedidos no atacado ou envios em palete.<\/li>\n<li><strong>Mercadorias especiais e perigosas<\/strong>: perfumes e cosm\u00e9ticos com \u00e1lcool, baterias de l\u00edtio, power banks ou aeross\u00f3is, com a classifica\u00e7\u00e3o, a embalagem e a documenta\u00e7\u00e3o que cada tipo de envio exige. Explicamos como funciona no nosso guia sobre <a href=\"\/pt\/correio-postal-vs-courier-internacional-diferencas-e-qual-escolher\/\">correio postal, courier e mercadorias perigosas<\/a>.<\/li>\n<\/ul>\n<p>Seja qual for a sua compra, agora temos mais ferramentas para lev\u00e1-la at\u00e9 o seu pa\u00eds.<\/p>\n\n<h2>Uma localiza\u00e7\u00e3o estrat\u00e9gica em Barcelona<\/h2>\n<p>O armaz\u00e9m est\u00e1 estrategicamente localizado em Barcelona, perto do centro da cidade, do porto, da Zona Franca e do aeroporto. Para voc\u00ea isso significa duas coisas: as lojas espanholas entregam antes no seu endere\u00e7o, e seus envios saem com menos trechos intermedi\u00e1rios, tanto por via a\u00e9rea quanto mar\u00edtima, que \u00e9 onde se ganha tempo e se economiza dinheiro em um envio internacional.<\/p>\n\n<h2>Retirada em pontos InPost, SEUR e DHL: inclu\u00edda e sem custo extra<\/h2>\n<p>Uma das novidades que mais vai interessar a voc\u00ea: o novo armaz\u00e9m \u00e9 ao mesmo tempo <strong>ponto de retirada da InPost, da SEUR e da DHL<\/strong>. Muitas lojas online s\u00f3 entregam em ponto de retirada, ou fazem isso mais barato do que em domic\u00edlio. At\u00e9 agora isso significava pagar um extra para irmos buscar o pacote; agora o ponto fica no nosso pr\u00f3prio local, ent\u00e3o o recebemos diretamente por voc\u00ea e sem custo.<\/p>\n<p><strong>Ideal para Vinted e Wallapop.<\/strong> Os vendedores particulares da Vinted e do Wallapop quase sempre enviam para ponto de retirada, e as duas plataformas trabalham com a InPost (Punto Pack e lockers) e com a SEUR, e a Vinted tamb\u00e9m com a DHL. Agora voc\u00ea escolhe o nosso ponto como destino, o vendedor deixa o pacote no ponto de sempre e ele chega at\u00e9 n\u00f3s sem custo de retirada e antes do que com entrega em domic\u00edlio e coleta intermedi\u00e1ria. Se voc\u00ea compra de v\u00e1rios vendedores, consolidamos todas as pe\u00e7as em um \u00fanico envio internacional e a economia se multiplica. Veja o guia completo em <a href=\"\/pt\/o-truque-para-comprar-no-wallapop-e-vinted-de-qualquer-pais\/\">o truque para comprar no Wallapop e na Vinted de qualquer pa\u00eds<\/a>.<\/p>\n<div class=\"mde-video\" style=\"position:relative;padding-bottom:56.25%;height:0;overflow:hidden;max-width:100%;margin:1.5em 0;\"><iframe style=\"position:absolute;top:0;left:0;width:100%;height:100%;\" src=\"https:\/\/www.youtube.com\/embed\/stpkQ87tHSQ\" title=\"Comprar na Vinted a partir da Espanha e reenviar para o mundo\" loading=\"lazy\" frameborder=\"0\" allow=\"accelerometer; autoplay; clipboard-write; encrypted-media; gyroscope; picture-in-picture\" allowfullscreen><\/iframe><\/div>\n<p>Como usar, em tr\u00eas passos:<\/p>\n<ol>\n<li>Ao pagar na loja ou no app, escolha entrega em ponto InPost, SEUR ou DHL e selecione o nosso ponto. Na sua conta voc\u00ea tem o nome exato com que ele aparece e o endere\u00e7o.<\/li>\n<li>Quando a loja ou o vendedor confirmar a entrega, entre no seu pacote no app e solicite a retirada. Mesmo que o pacote j\u00e1 esteja no nosso local, esse aviso \u00e9 o que nos permite identific\u00e1-lo como seu e dar entrada com foto, peso e medidas.<\/li>\n<li>A partir da\u00ed, tudo segue como sempre: voc\u00ea consolida, escolhe a transportadora e envia.<\/li>\n<\/ol>\n<p>Se a loja s\u00f3 entrega em um ponto de outra transportadora pr\u00f3ximo, tamb\u00e9m podemos ir buscar. Nesse caso a retirada tem custo, e voc\u00ea o v\u00ea no app antes de confirmar.<\/p>\n\n<h2>Compre para mim: compramos em seu nome e cuidamos de tudo<\/h2>\n<p>No novo armaz\u00e9m tamb\u00e9m est\u00e1 dispon\u00edvel o servi\u00e7o <a href=\"\/pt\/compre-para-mim-personal-shopper-internacional-na-europa\/\">Compre para mim<\/a>. Se a loja recusa seu cart\u00e3o estrangeiro, s\u00f3 vende para residentes na Espanha, pede um pagamento que voc\u00ea n\u00e3o consegue fazer do seu pa\u00eds ou voc\u00ea simplesmente n\u00e3o quer complica\u00e7\u00e3o, envie o link do produto e compramos em seu nome com um meio de pagamento espanhol. Recebemos o pedido em Barcelona, conferimos e preparamos para o envio internacional. Funciona tamb\u00e9m com vendedores particulares da Vinted e do Wallapop e com fornecedores que s\u00f3 entregam dentro da Espanha.<\/p>\n<div class=\"mde-video\" style=\"position:relative;padding-bottom:56.25%;height:0;overflow:hidden;max-width:100%;margin:1.5em 0;\"><iframe style=\"position:absolute;top:0;left:0;width:100%;height:100%;\" src=\"https:\/\/www.youtube.com\/embed\/lYeNnJZ-D-A\" title=\"Compre para mim: compramos por voc\u00ea\" loading=\"lazy\" frameborder=\"0\" allow=\"accelerometer; autoplay; clipboard-write; encrypted-media; gyroscope; picture-in-picture\" allowfullscreen><\/iframe><\/div>\n\n<h2>Como come\u00e7ar a usar<\/h2>\n<p>Voc\u00ea n\u00e3o precisa fazer nada de especial. <a href=\"https:\/\/app.midireccioneuropea.com\/users\/login\">Entre na sua conta<\/a>: o novo armaz\u00e9m de Barcelona aparece em primeiro lugar na sua lista de endere\u00e7os. Copie esse endere\u00e7o na loja onde comprar e n\u00f3s cuidamos do resto. Os armaz\u00e9ns de Barcelona e Val\u00eancia que voc\u00ea j\u00e1 usava continuam ativos, ent\u00e3o seus pacotes a caminho n\u00e3o s\u00e3o afetados.<\/p>\n<p><strong>Lembre-se:<\/strong> os pacotes da sua assinatura que voc\u00ea n\u00e3o usar este m\u00eas acumulam para o m\u00eas seguinte enquanto mantiver a assinatura ativa. Veja os planos na nossa p\u00e1gina de <a href=\"\/pt\/precos\/\">pre\u00e7os<\/a>.<\/p>\n<p>Veja em um minuto como funciona:<\/p>\n<div class=\"mde-video\" style=\"position:relative;padding-bottom:56.25%;height:0;overflow:hidden;max-width:100%;margin:1.5em 0;\"><iframe style=\"position:absolute;top:0;left:0;width:100%;height:100%;\" src=\"https:\/\/www.youtube.com\/embed\/hyPxYFx3nTM\" title=\"Compre nos EUA, Europa ou China e receba no seu pa\u00eds com a Minha Dire\u00e7\u00e3o Europeia\" loading=\"lazy\" frameborder=\"0\" allow=\"accelerometer; autoplay; clipboard-write; encrypted-media; gyroscope; picture-in-picture\" allowfullscreen><\/iframe><\/div>\n\n<h2>Seguimos melhorando para dar mais valor a voc\u00ea<\/h2>\n<p>Este novo armaz\u00e9m \u00e9 mais um passo no crescimento da Minha Dire\u00e7\u00e3o Europeia. Cada melhoria que incorporamos, mais rede, mais capacidade, mais tipos de envio e mais facilidades de retirada, tem o mesmo prop\u00f3sito: que comprar na Europa e receber no seu pa\u00eds seja cada vez mais f\u00e1cil, mais r\u00e1pido e mais econ\u00f4mico. Obrigado por nos acompanhar neste caminho. Isto \u00e9 s\u00f3 o come\u00e7o do que vem por a\u00ed.<\/p>\n<p><a href=\"https:\/\/app.midireccioneuropea.com\/users\/signup\"><strong>Criar minha caixa postal agora<\/strong><\/a> e estrear o novo armaz\u00e9m de Barcelona.<\/p>\n\n<h2>Perguntas frequentes<\/h2>\n<h3>Desde quando posso usar o novo armaz\u00e9m de Barcelona?<\/h3>\n<p>Desde setembro de 2026 ele est\u00e1 em opera\u00e7\u00e3o para todos os clientes. J\u00e1 aparece na sua conta como primeiro endere\u00e7o dispon\u00edvel na Espanha.<\/p>\n<h3>Preciso fazer algo para ativ\u00e1-lo?<\/h3>\n<p>N\u00e3o. Entre na sua conta, copie o novo endere\u00e7o de Barcelona e use-o nas suas compras. O resto do processo, recep\u00e7\u00e3o, foto, consolida\u00e7\u00e3o e envio, \u00e9 o mesmo de sempre.<\/p>\n<h3>Os armaz\u00e9ns anteriores de Barcelona e Val\u00eancia continuam funcionando?<\/h3>\n<p>Sim. Os dois continuam ativos e voc\u00ea pode seguir usando-os. Os pacotes que j\u00e1 estejam a caminho desses endere\u00e7os chegam normalmente.<\/p>\n<h3>A retirada em pontos InPost, SEUR e DHL tem custo?<\/h3>\n<p>N\u00e3o, se voc\u00ea escolher o nosso ponto: ele fica no nosso pr\u00f3prio local e o recebemos diretamente. Voc\u00ea s\u00f3 precisa solicitar a retirada a partir do seu pacote no app para que o identifiquemos como seu. Os pontos de outras transportadoras pr\u00f3ximos t\u00eam custo de retirada, que voc\u00ea v\u00ea antes de confirmar.<\/p>\n<h3>O ponto InPost ou SEUR serve para compras da Vinted e do Wallapop?<\/h3>\n<p>Sim, e \u00e9 onde a economia mais aparece. O vendedor deixa o pacote no ponto habitual da InPost, da SEUR ou da DHL, ele chega ao nosso ponto sem custo de retirada e voc\u00ea o recebe antes. Se comprar de v\u00e1rios vendedores, consolidamos tudo em um \u00fanico envio internacional.<\/p>\n<h3>Voc\u00eas podem comprar por mim se a loja n\u00e3o aceitar meu cart\u00e3o?<\/h3>\n<p>Sim. Com o servi\u00e7o Compre para mim compramos em seu nome com um meio de pagamento espanhol, recebemos o pedido em Barcelona e enviamos para o seu pa\u00eds. Cuidamos de todo o processo.<\/p>\n<h3>Posso enviar perfumes, baterias ou cargas grandes a partir deste armaz\u00e9m?<\/h3>\n<p>Sim. O novo centro gere encomendas pequenas, cargas de maior tamanho e paletes, e mercadorias especiais e perigosas com a documenta\u00e7\u00e3o e a embalagem que a regulamenta\u00e7\u00e3o exige. Em caso de d\u00favida, consulte-nos antes de comprar.<\/p>\n<h3>Perco os pacotes da minha assinatura que n\u00e3o usar este m\u00eas?<\/h3>\n<p>N\u00e3o. Enquanto mantiver a assinatura ativa, os pacotes que n\u00e3o usar acumulam para o m\u00eas seguinte.<\/p>\n\n<script type=\"application\/ld+json\">\n{\"@context\":\"https:\/\/schema.org\",\"@type\":\"NewsArticle\",\"headline\":\"Crescemos com voc\u00ea: novo armaz\u00e9m em Barcelona, em opera\u00e7\u00e3o desde setembro de 2026\",\"datePublished\":\"2026-09-04\",\"dateModified\":\"2026-09-04\",\"author\":{\"@type\":\"Organization\",\"name\":\"Mi Direcci\u00f3n Europea\"},\"publisher\":{\"@type\":\"Organization\",\"name\":\"Mi Direcci\u00f3n Europea\"},\"image\":\"https:\/\/www.midireccioneuropea.com\/wp-content\/uploads\/2026\/09\/nuevo-almacen-mde-barcelona-2026.jpg\",\"description\":\"Novo armaz\u00e9m da Minha Dire\u00e7\u00e3o Europeia em Barcelona: mais capacidade, cargas grandes, mercadorias perigosas e retirada InPost, SEUR e DHL sem custo.\"}\n<\/script>\n<script type=\"application\/ld+json\">\n{\"@context\":\"https:\/\/schema.org\",\"@type\":\"FAQPage\",\"mainEntity\":[{\"@type\":\"Question\",\"name\":\"Desde quando posso usar o novo armaz\u00e9m de Barcelona?\",\"acceptedAnswer\":{\"@type\":\"Answer\",\"text\":\"Desde setembro de 2026 ele est\u00e1 em opera\u00e7\u00e3o para todos os clientes. J\u00e1 aparece na sua conta como primeiro endere\u00e7o dispon\u00edvel na Espanha.\"}},{\"@type\":\"Question\",\"name\":\"Preciso fazer algo para ativ\u00e1-lo?\",\"acceptedAnswer\":{\"@type\":\"Answer\",\"text\":\"N\u00e3o. Entre na sua conta, copie o novo endere\u00e7o de Barcelona e use-o nas suas compras. O resto do processo, recep\u00e7\u00e3o, foto, consolida\u00e7\u00e3o e envio, \u00e9 o mesmo de sempre.\"}},{\"@type\":\"Question\",\"name\":\"Os armaz\u00e9ns anteriores de Barcelona e Val\u00eancia continuam funcionando?\",\"acceptedAnswer\":{\"@type\":\"Answer\",\"text\":\"Sim. Os dois continuam ativos e voc\u00ea pode seguir usando-os. Os pacotes que j\u00e1 estejam a caminho desses endere\u00e7os chegam normalmente.\"}},{\"@type\":\"Question\",\"name\":\"A retirada em pontos InPost, SEUR e DHL tem custo?\",\"acceptedAnswer\":{\"@type\":\"Answer\",\"text\":\"N\u00e3o, se voc\u00ea escolher o nosso ponto: ele fica no nosso pr\u00f3prio local e o recebemos diretamente. Voc\u00ea s\u00f3 precisa solicitar a retirada a partir do seu pacote no app para que o identifiquemos como seu. Os pontos de outras transportadoras pr\u00f3ximos t\u00eam custo de retirada, que voc\u00ea v\u00ea antes de confirmar.\"}},{\"@type\":\"Question\",\"name\":\"O ponto InPost ou SEUR serve para compras da Vinted e do Wallapop?\",\"acceptedAnswer\":{\"@type\":\"Answer\",\"text\":\"Sim, e \u00e9 onde a economia mais aparece. O vendedor deixa o pacote no ponto habitual da InPost, da SEUR ou da DHL, ele chega ao nosso ponto sem custo de retirada e voc\u00ea o recebe antes. Se comprar de v\u00e1rios vendedores, consolidamos tudo em um \u00fanico envio internacional.\"}},{\"@type\":\"Question\",\"name\":\"Voc\u00eas podem comprar por mim se a loja n\u00e3o aceitar meu cart\u00e3o?\",\"acceptedAnswer\":{\"@type\":\"Answer\",\"text\":\"Sim. Com o servi\u00e7o Compre para mim compramos em seu nome com um meio de pagamento espanhol, recebemos o pedido em Barcelona e enviamos para o seu pa\u00eds. Cuidamos de todo o processo.\"}},{\"@type\":\"Question\",\"name\":\"Posso enviar perfumes, baterias ou cargas grandes a partir deste armaz\u00e9m?\",\"acceptedAnswer\":{\"@type\":\"Answer\",\"text\":\"Sim. O novo centro gere encomendas pequenas, cargas de maior tamanho e paletes, e mercadorias especiais e perigosas com a documenta\u00e7\u00e3o e a embalagem que a regulamenta\u00e7\u00e3o exige. Em caso de d\u00favida, consulte-nos antes de comprar.\"}},{\"@type\":\"Question\",\"name\":\"Perco os pacotes da minha assinatura que n\u00e3o usar este m\u00eas?\",\"acceptedAnswer\":{\"@type\":\"Answer\",\"text\":\"N\u00e3o. Enquanto mantiver a assinatura ativa, os pacotes que n\u00e3o usar acumulam para o m\u00eas seguinte.\"}}]}\n<\/script>","protected":false},"excerpt":{"rendered":"Ampliamos nossa rede com um novo armaz\u00e9m em Barcelona, em opera\u00e7\u00e3o desde setembro de 2026: mais capacidade, cargas grandes, mercadorias perigosas, retirada em pontos InPost, SEUR e DHL sem custo extra (ideal para Vinted e Wallapop) e servi\u00e7o Compre para mim.","protected":false},"author":1,"featured_media":7211,"comment_status":"closed","ping_status":"closed","sticky":false,"template":"","format":"standard","meta":{"inline_featured_image":false,"footnotes":""},"categories":[1],"tags":[],"class_list":["post-7204","post","type-post","status-publish","format-standard","has-post-thumbnail","hentry","category-sin-categorizar","category-1","description-off"],"yoast_head":"<!-- This site is optimized with the Yoast SEO Premium plugin v26.1 (Yoast SEO v28.0) - https:\/\/yoast.com\/product\/yoast-seo-premium-wordpress\/ -->\n<title>Novo armaz\u00e9m em Barcelona 2026: mais capacidade e retirada InPost, SEUR e DHL sem custo - Minha Dire\u00e7\u00e3o Europeia<\/title>\n<meta name=\"description\" content=\"Novo armaz\u00e9m da Minha Dire\u00e7\u00e3o Europeia em Barcelona: mais capacidade, cargas grandes, mercadorias perigosas e retirada InPost, SEUR e DHL sem custo.\" \/>\n<meta name=\"robots\" content=\"index, follow, max-snippet:-1, max-image-preview:large, max-video-preview:-1\" \/>\n<link rel=\"canonical\" href=\"https:\/\/www.midireccioneuropea.com\/pt\/novo-armazem-em-barcelona-setembro-2026\/\" \/>\n<meta property=\"og:locale\" content=\"pt_PT\" \/>\n<meta property=\"og:type\" content=\"article\" \/>\n<meta property=\"og:title\" content=\"Crescemos com voc\u00ea: novo armaz\u00e9m em Barcelona, em opera\u00e7\u00e3o desde setembro de 2026\" \/>\n<meta property=\"og:description\" content=\"Novo armaz\u00e9m da Minha Dire\u00e7\u00e3o Europeia em Barcelona: mais capacidade, cargas grandes, mercadorias perigosas e retirada InPost, SEUR e DHL sem custo.\" \/>\n<meta property=\"og:url\" content=\"https:\/\/www.midireccioneuropea.com\/pt\/novo-armazem-em-barcelona-setembro-2026\/\" \/>\n<meta property=\"og:site_name\" content=\"Minha Dire\u00e7\u00e3o Europeia\" \/>\n<meta property=\"article:publisher\" content=\"https:\/\/www.facebook.com\/midireccioneuropea\/\" \/>\n<meta property=\"article:published_time\" content=\"2026-09-04T08:40:39+00:00\" \/>\n<meta property=\"article:modified_time\" content=\"2026-09-04T08:50:51+00:00\" \/>\n<meta property=\"og:image\" content=\"https:\/\/www.midireccioneuropea.com\/wp-content\/uploads\/2026\/09\/nuevo-almacen-mde-barcelona-2026.jpg\" \/>\n\t<meta property=\"og:image:width\" content=\"1200\" \/>\n\t<meta property=\"og:image:height\" content=\"675\" \/>\n\t<meta property=\"og:image:type\" content=\"image\/jpeg\" \/>\n<meta name=\"author\" content=\"ekualia\" \/>\n<meta name=\"twitter:card\" content=\"summary_large_image\" \/>\n<meta name=\"twitter:label1\" content=\"Escrito por\" \/>\n\t<meta name=\"twitter:data1\" content=\"ekualia\" \/>\n\t<meta name=\"twitter:label2\" content=\"Tempo estimado de leitura\" \/>\n\t<meta name=\"twitter:data2\" content=\"7 minutos\" \/>\n<script type=\"application\/ld+json\" class=\"yoast-schema-graph\">{\"@context\":\"https:\\\/\\\/schema.org\",\"@graph\":[{\"@type\":\"Article\",\"@id\":\"https:\\\/\\\/www.midireccioneuropea.com\\\/pt\\\/novo-armazem-em-barcelona-setembro-2026\\\/#article\",\"isPartOf\":{\"@id\":\"https:\\\/\\\/www.midireccioneuropea.com\\\/pt\\\/novo-armazem-em-barcelona-setembro-2026\\\/\"},\"author\":{\"name\":\"ekualia\",\"@id\":\"https:\\\/\\\/www.midireccioneuropea.com\\\/#\\\/schema\\\/person\\\/24d8aba9d64f93c2b41db39f4ffece90\"},\"headline\":\"Crescemos com voc\u00ea: novo armaz\u00e9m em Barcelona, em opera\u00e7\u00e3o desde setembro de 2026\",\"datePublished\":\"2026-09-04T08:40:39+00:00\",\"dateModified\":\"2026-09-04T08:50:51+00:00\",\"mainEntityOfPage\":{\"@id\":\"https:\\\/\\\/www.midireccioneuropea.com\\\/pt\\\/novo-armazem-em-barcelona-setembro-2026\\\/\"},\"wordCount\":1422,\"publisher\":{\"@id\":\"https:\\\/\\\/www.midireccioneuropea.com\\\/#organization\"},\"image\":{\"@id\":\"https:\\\/\\\/www.midireccioneuropea.com\\\/pt\\\/novo-armazem-em-barcelona-setembro-2026\\\/#primaryimage\"},\"thumbnailUrl\":\"https:\\\/\\\/www.midireccioneuropea.com\\\/wp-content\\\/uploads\\\/2026\\\/09\\\/nuevo-almacen-mde-barcelona-2026.jpg\",\"articleSection\":[\"Sin categorizar\"],\"inLanguage\":\"pt-PT\"},{\"@type\":\"WebPage\",\"@id\":\"https:\\\/\\\/www.midireccioneuropea.com\\\/pt\\\/novo-armazem-em-barcelona-setembro-2026\\\/\",\"url\":\"https:\\\/\\\/www.midireccioneuropea.com\\\/pt\\\/novo-armazem-em-barcelona-setembro-2026\\\/\",\"name\":\"Novo armaz\u00e9m em Barcelona 2026: mais capacidade e retirada InPost, SEUR e DHL sem custo - Minha Dire\u00e7\u00e3o Europeia\",\"isPartOf\":{\"@id\":\"https:\\\/\\\/www.midireccioneuropea.com\\\/#website\"},\"primaryImageOfPage\":{\"@id\":\"https:\\\/\\\/www.midireccioneuropea.com\\\/pt\\\/novo-armazem-em-barcelona-setembro-2026\\\/#primaryimage\"},\"image\":{\"@id\":\"https:\\\/\\\/www.midireccioneuropea.com\\\/pt\\\/novo-armazem-em-barcelona-setembro-2026\\\/#primaryimage\"},\"thumbnailUrl\":\"https:\\\/\\\/www.midireccioneuropea.com\\\/wp-content\\\/uploads\\\/2026\\\/09\\\/nuevo-almacen-mde-barcelona-2026.jpg\",\"datePublished\":\"2026-09-04T08:40:39+00:00\",\"dateModified\":\"2026-09-04T08:50:51+00:00\",\"description\":\"Novo armaz\u00e9m da Minha Dire\u00e7\u00e3o Europeia em Barcelona: mais capacidade, cargas grandes, mercadorias perigosas e retirada InPost, SEUR e DHL sem custo.\",\"breadcrumb\":{\"@id\":\"https:\\\/\\\/www.midireccioneuropea.com\\\/pt\\\/novo-armazem-em-barcelona-setembro-2026\\\/#breadcrumb\"},\"inLanguage\":\"pt-PT\",\"potentialAction\":[{\"@type\":\"ReadAction\",\"target\":[\"https:\\\/\\\/www.midireccioneuropea.com\\\/pt\\\/novo-armazem-em-barcelona-setembro-2026\\\/\"]}]},{\"@type\":\"ImageObject\",\"inLanguage\":\"pt-PT\",\"@id\":\"https:\\\/\\\/www.midireccioneuropea.com\\\/pt\\\/novo-armazem-em-barcelona-setembro-2026\\\/#primaryimage\",\"url\":\"https:\\\/\\\/www.midireccioneuropea.com\\\/wp-content\\\/uploads\\\/2026\\\/09\\\/nuevo-almacen-mde-barcelona-2026.jpg\",\"contentUrl\":\"https:\\\/\\\/www.midireccioneuropea.com\\\/wp-content\\\/uploads\\\/2026\\\/09\\\/nuevo-almacen-mde-barcelona-2026.jpg\",\"width\":1200,\"height\":675,\"caption\":\"Novo armaz\u00e9m da Minha Dire\u00e7\u00e3o Europeia em Barcelona, ponto de retirada InPost, DHL e SEUR\"},{\"@type\":\"BreadcrumbList\",\"@id\":\"https:\\\/\\\/www.midireccioneuropea.com\\\/pt\\\/novo-armazem-em-barcelona-setembro-2026\\\/#breadcrumb\",\"itemListElement\":[{\"@type\":\"ListItem\",\"position\":1,\"name\":\"Portada\",\"item\":\"https:\\\/\\\/www.midireccioneuropea.com\\\/pt\\\/\"},{\"@type\":\"ListItem\",\"position\":2,\"name\":\"Crescemos com voc\u00ea: novo armaz\u00e9m em Barcelona, em opera\u00e7\u00e3o desde setembro de 2026\"}]},{\"@type\":\"WebSite\",\"@id\":\"https:\\\/\\\/www.midireccioneuropea.com\\\/#website\",\"url\":\"https:\\\/\\\/www.midireccioneuropea.com\\\/\",\"name\":\"Minha Dire\u00e7\u00e3o Europeia\",\"description\":\"O hotel ideal para os seus pacotes\",\"publisher\":{\"@id\":\"https:\\\/\\\/www.midireccioneuropea.com\\\/#organization\"},\"potentialAction\":[{\"@type\":\"SearchAction\",\"target\":{\"@type\":\"EntryPoint\",\"urlTemplate\":\"https:\\\/\\\/www.midireccioneuropea.com\\\/?s={search_term_string}\"},\"query-input\":{\"@type\":\"PropertyValueSpecification\",\"valueRequired\":true,\"valueName\":\"search_term_string\"}}],\"inLanguage\":\"pt-PT\"},{\"@type\":\"Organization\",\"@id\":\"https:\\\/\\\/www.midireccioneuropea.com\\\/#organization\",\"name\":\"Minha Dire\u00e7\u00e3o Europeia\",\"url\":\"https:\\\/\\\/www.midireccioneuropea.com\\\/\",\"logo\":{\"@type\":\"ImageObject\",\"@id\":\"https:\\\/\\\/www.midireccioneuropea.com\\\/#\\\/schema\\\/logo\\\/image\\\/\",\"url\":\"https:\\\/\\\/www.midireccioneuropea.com\\\/wp-content\\\/uploads\\\/2026\\\/06\\\/brand\\\/mde-degrade-512.png\",\"contentUrl\":\"https:\\\/\\\/www.midireccioneuropea.com\\\/wp-content\\\/uploads\\\/2026\\\/06\\\/brand\\\/mde-degrade-512.png\",\"width\":512,\"height\":512,\"caption\":\"Minha Dire\u00e7\u00e3o Europeia\"},\"image\":{\"@id\":\"https:\\\/\\\/www.midireccioneuropea.com\\\/#\\\/schema\\\/logo\\\/image\\\/\"},\"sameAs\":[\"https:\\\/\\\/www.facebook.com\\\/midireccioneuropea\\\/\",\"https:\\\/\\\/www.youtube.com\\\/@midireccioneuropea\",\"https:\\\/\\\/www.instagram.com\\\/midireccioneuropea\\\/\",\"https:\\\/\\\/www.tiktok.com\\\/@midireccioneuropea\"],\"legalName\":\"MDE HUB SL\",\"alternateName\":\"MDE\",\"description\":\"A Minha Dire\u00e7\u00e3o Europeia (MDE) \u00e9 um servi\u00e7o de reencaminhamento de encomendas e um centro log\u00edstico internacional: damos-lhe moradas postais pr\u00f3prias em 10 pa\u00edses da Europa, Am\u00e9rica e \u00c1sia para comprar em qualquer loja e receber, consolidar e reencaminhar os seus pacotes para qualquer parte do mundo. Servi\u00e7os: envio de encomendas (transportadora e correio), consolida\u00e7\u00e3o e reembalagem, compra assistida (\u00abCompra por mim\u00bb), cargas e paletes, mercadorias perigosas (ADR), armazenamento, morada postal europeia, cart\u00e3o SIM espanhol e seguimento inteligente com IA. Apoio em espanhol e ingl\u00eas.\",\"slogan\":\"O seu centro log\u00edstico de proximidade na Europa, Am\u00e9rica e \u00c1sia\",\"areaServed\":{\"@type\":\"Place\",\"name\":\"Worldwide\"},\"knowsAbout\":[\"Package forwarding\",\"Reenv\u00edo de paquetes\",\"Parcel consolidation\",\"Repackaging\",\"Assisted purchase \\\/ Personal shopper (\\\"Compra por m\u00ed\\\")\",\"International freight and pallets\",\"Dangerous goods (ADR) shipping\",\"Customs documentation\",\"European postal address\",\"Spanish prepaid SIM\",\"AI package tracking\"],\"contactPoint\":[{\"@type\":\"ContactPoint\",\"contactType\":\"customer support\",\"email\":\"comercial@midireccioneuropea.com\",\"availableLanguage\":[\"es\",\"en\"]}]},{\"@type\":\"Person\",\"@id\":\"https:\\\/\\\/www.midireccioneuropea.com\\\/#\\\/schema\\\/person\\\/24d8aba9d64f93c2b41db39f4ffece90\",\"name\":\"ekualia\",\"image\":{\"@type\":\"ImageObject\",\"inLanguage\":\"pt-PT\",\"@id\":\"https:\\\/\\\/secure.gravatar.com\\\/avatar\\\/b63fbe5ddeca8b51b7fe973bcc2c2f4ba93f8e7802e5251a7284d051a700d5f1?s=96&d=mm&r=g\",\"url\":\"https:\\\/\\\/secure.gravatar.com\\\/avatar\\\/b63fbe5ddeca8b51b7fe973bcc2c2f4ba93f8e7802e5251a7284d051a700d5f1?s=96&d=mm&r=g\",\"contentUrl\":\"https:\\\/\\\/secure.gravatar.com\\\/avatar\\\/b63fbe5ddeca8b51b7fe973bcc2c2f4ba93f8e7802e5251a7284d051a700d5f1?s=96&d=mm&r=g\",\"caption\":\"ekualia\"}}]}<\/script>\n<!-- \/ Yoast SEO Premium plugin. -->","yoast_head_json":{"title":"Novo armaz\u00e9m em Barcelona 2026: mais capacidade e retirada InPost, SEUR e DHL sem custo - Minha Dire\u00e7\u00e3o Europeia","description":"Novo armaz\u00e9m da Minha Dire\u00e7\u00e3o Europeia em Barcelona: mais capacidade, cargas grandes, mercadorias perigosas e retirada InPost, SEUR e DHL sem custo.","robots":{"index":"index","follow":"follow","max-snippet":"max-snippet:-1","max-image-preview":"max-image-preview:large","max-video-preview":"max-video-preview:-1"},"canonical":"https:\/\/www.midireccioneuropea.com\/pt\/novo-armazem-em-barcelona-setembro-2026\/","og_locale":"pt_PT","og_type":"article","og_title":"Crescemos com voc\u00ea: novo armaz\u00e9m em Barcelona, em opera\u00e7\u00e3o desde setembro de 2026","og_description":"Novo armaz\u00e9m da Minha Dire\u00e7\u00e3o Europeia em Barcelona: mais capacidade, cargas grandes, mercadorias perigosas e retirada InPost, SEUR e DHL sem custo.","og_url":"https:\/\/www.midireccioneuropea.com\/pt\/novo-armazem-em-barcelona-setembro-2026\/","og_site_name":"Minha Dire\u00e7\u00e3o Europeia","article_publisher":"https:\/\/www.facebook.com\/midireccioneuropea\/","article_published_time":"2026-09-04T08:40:39+00:00","article_modified_time":"2026-09-04T08:50:51+00:00","og_image":[{"width":1200,"height":675,"url":"https:\/\/www.midireccioneuropea.com\/wp-content\/uploads\/2026\/09\/nuevo-almacen-mde-barcelona-2026.jpg","type":"image\/jpeg"}],"author":"ekualia","twitter_card":"summary_large_image","twitter_misc":{"Escrito por":"ekualia","Tempo estimado de leitura":"7 minutos"},"schema":{"@context":"https:\/\/schema.org","@graph":[{"@type":"Article","@id":"https:\/\/www.midireccioneuropea.com\/pt\/novo-armazem-em-barcelona-setembro-2026\/#article","isPartOf":{"@id":"https:\/\/www.midireccioneuropea.com\/pt\/novo-armazem-em-barcelona-setembro-2026\/"},"author":{"name":"ekualia","@id":"https:\/\/www.midireccioneuropea.com\/#\/schema\/person\/24d8aba9d64f93c2b41db39f4ffece90"},"headline":"Crescemos com voc\u00ea: novo armaz\u00e9m em Barcelona, em opera\u00e7\u00e3o desde setembro de 2026","datePublished":"2026-09-04T08:40:39+00:00","dateModified":"2026-09-04T08:50:51+00:00","mainEntityOfPage":{"@id":"https:\/\/www.midireccioneuropea.com\/pt\/novo-armazem-em-barcelona-setembro-2026\/"},"wordCount":1422,"publisher":{"@id":"https:\/\/www.midireccioneuropea.com\/#organization"},"image":{"@id":"https:\/\/www.midireccioneuropea.com\/pt\/novo-armazem-em-barcelona-setembro-2026\/#primaryimage"},"thumbnailUrl":"https:\/\/www.midireccioneuropea.com\/wp-content\/uploads\/2026\/09\/nuevo-almacen-mde-barcelona-2026.jpg","articleSection":["Sin categorizar"],"inLanguage":"pt-PT"},{"@type":"WebPage","@id":"https:\/\/www.midireccioneuropea.com\/pt\/novo-armazem-em-barcelona-setembro-2026\/","url":"https:\/\/www.midireccioneuropea.com\/pt\/novo-armazem-em-barcelona-setembro-2026\/","name":"Novo armaz\u00e9m em Barcelona 2026: mais capacidade e retirada InPost, SEUR e DHL sem custo - Minha Dire\u00e7\u00e3o Europeia","isPartOf":{"@id":"https:\/\/www.midireccioneuropea.com\/#website"},"primaryImageOfPage":{"@id":"https:\/\/www.midireccioneuropea.com\/pt\/novo-armazem-em-barcelona-setembro-2026\/#primaryimage"},"image":{"@id":"https:\/\/www.midireccioneuropea.com\/pt\/novo-armazem-em-barcelona-setembro-2026\/#primaryimage"},"thumbnailUrl":"https:\/\/www.midireccioneuropea.com\/wp-content\/uploads\/2026\/09\/nuevo-almacen-mde-barcelona-2026.jpg","datePublished":"2026-09-04T08:40:39+00:00","dateModified":"2026-09-04T08:50:51+00:00","description":"Novo armaz\u00e9m da Minha Dire\u00e7\u00e3o Europeia em Barcelona: mais capacidade, cargas grandes, mercadorias perigosas e retirada InPost, SEUR e DHL sem custo.","breadcrumb":{"@id":"https:\/\/www.midireccioneuropea.com\/pt\/novo-armazem-em-barcelona-setembro-2026\/#breadcrumb"},"inLanguage":"pt-PT","potentialAction":[{"@type":"ReadAction","target":["https:\/\/www.midireccioneuropea.com\/pt\/novo-armazem-em-barcelona-setembro-2026\/"]}]},{"@type":"ImageObject","inLanguage":"pt-PT","@id":"https:\/\/www.midireccioneuropea.com\/pt\/novo-armazem-em-barcelona-setembro-2026\/#primaryimage","url":"https:\/\/www.midireccioneuropea.com\/wp-content\/uploads\/2026\/09\/nuevo-almacen-mde-barcelona-2026.jpg","contentUrl":"https:\/\/www.midireccioneuropea.com\/wp-content\/uploads\/2026\/09\/nuevo-almacen-mde-barcelona-2026.jpg","width":1200,"height":675,"caption":"Novo armaz\u00e9m da Minha Dire\u00e7\u00e3o Europeia em Barcelona, ponto de retirada InPost, DHL e SEUR"},{"@type":"BreadcrumbList","@id":"https:\/\/www.midireccioneuropea.com\/pt\/novo-armazem-em-barcelona-setembro-2026\/#breadcrumb","itemListElement":[{"@type":"ListItem","position":1,"name":"Portada","item":"https:\/\/www.midireccioneuropea.com\/pt\/"},{"@type":"ListItem","position":2,"name":"Crescemos com voc\u00ea: novo armaz\u00e9m em Barcelona, em opera\u00e7\u00e3o desde setembro de 2026"}]},{"@type":"WebSite","@id":"https:\/\/www.midireccioneuropea.com\/#website","url":"https:\/\/www.midireccioneuropea.com\/","name":"Minha Dire\u00e7\u00e3o Europeia","description":"O hotel ideal para os seus pacotes","publisher":{"@id":"https:\/\/www.midireccioneuropea.com\/#organization"},"potentialAction":[{"@type":"SearchAction","target":{"@type":"EntryPoint","urlTemplate":"https:\/\/www.midireccioneuropea.com\/?s={search_term_string}"},"query-input":{"@type":"PropertyValueSpecification","valueRequired":true,"valueName":"search_term_string"}}],"inLanguage":"pt-PT"},{"@type":"Organization","@id":"https:\/\/www.midireccioneuropea.com\/#organization","name":"Minha Dire\u00e7\u00e3o Europeia","url":"https:\/\/www.midireccioneuropea.com\/","logo":{"@type":"ImageObject","@id":"https:\/\/www.midireccioneuropea.com\/#\/schema\/logo\/image\/","url":"https:\/\/www.midireccioneuropea.com\/wp-content\/uploads\/2026\/06\/brand\/mde-degrade-512.png","contentUrl":"https:\/\/www.midireccioneuropea.com\/wp-content\/uploads\/2026\/06\/brand\/mde-degrade-512.png","width":512,"height":512,"caption":"Minha Dire\u00e7\u00e3o Europeia"},"image":{"@id":"https:\/\/www.midireccioneuropea.com\/#\/schema\/logo\/image\/"},"sameAs":["https:\/\/www.facebook.com\/midireccioneuropea\/","https:\/\/www.youtube.com\/@midireccioneuropea","https:\/\/www.instagram.com\/midireccioneuropea\/","https:\/\/www.tiktok.com\/@midireccioneuropea"],"legalName":"MDE HUB SL","alternateName":"MDE","description":"A Minha Dire\u00e7\u00e3o Europeia (MDE) \u00e9 um servi\u00e7o de reencaminhamento de encomendas e um centro log\u00edstico internacional: damos-lhe moradas postais pr\u00f3prias em 10 pa\u00edses da Europa, Am\u00e9rica e \u00c1sia para comprar em qualquer loja e receber, consolidar e reencaminhar os seus pacotes para qualquer parte do mundo. Servi\u00e7os: envio de encomendas (transportadora e correio), consolida\u00e7\u00e3o e reembalagem, compra assistida (\u00abCompra por mim\u00bb), cargas e paletes, mercadorias perigosas (ADR), armazenamento, morada postal europeia, cart\u00e3o SIM espanhol e seguimento inteligente com IA. Apoio em espanhol e ingl\u00eas.","slogan":"O seu centro log\u00edstico de proximidade na Europa, Am\u00e9rica e \u00c1sia","areaServed":{"@type":"Place","name":"Worldwide"},"knowsAbout":["Package forwarding","Reenv\u00edo de paquetes","Parcel consolidation","Repackaging","Assisted purchase \/ Personal shopper (\"Compra por m\u00ed\")","International freight and pallets","Dangerous goods (ADR) shipping","Customs documentation","European postal address","Spanish prepaid SIM","AI package tracking"],"contactPoint":[{"@type":"ContactPoint","contactType":"customer support","email":"comercial@midireccioneuropea.com","availableLanguage":["es","en"]}]},{"@type":"Person","@id":"https:\/\/www.midireccioneuropea.com\/#\/schema\/person\/24d8aba9d64f93c2b41db39f4ffece90","name":"ekualia","image":{"@type":"ImageObject","inLanguage":"pt-PT","@id":"https:\/\/secure.gravatar.com\/avatar\/b63fbe5ddeca8b51b7fe973bcc2c2f4ba93f8e7802e5251a7284d051a700d5f1?s=96&d=mm&r=g","url":"https:\/\/secure.gravatar.com\/avatar\/b63fbe5ddeca8b51b7fe973bcc2c2f4ba93f8e7802e5251a7284d051a700d5f1?s=96&d=mm&r=g","contentUrl":"https:\/\/secure.gravatar.com\/avatar\/b63fbe5ddeca8b51b7fe973bcc2c2f4ba93f8e7802e5251a7284d051a700d5f1?s=96&d=mm&r=g","caption":"ekualia"}}]}},"_links":{"self":[{"href":"https:\/\/www.midireccioneuropea.com\/pt\/wp-json\/wp\/v2\/posts\/7204","targetHints":{"allow":["GET"]}}],"collection":[{"href":"https:\/\/www.midireccioneuropea.com\/pt\/wp-json\/wp\/v2\/posts"}],"about":[{"href":"https:\/\/www.midireccioneuropea.com\/pt\/wp-json\/wp\/v2\/types\/post"}],"author":[{"embeddable":true,"href":"https:\/\/www.midireccioneuropea.com\/pt\/wp-json\/wp\/v2\/users\/1"}],"replies":[{"embeddable":true,"href":"https:\/\/www.midireccioneuropea.com\/pt\/wp-json\/wp\/v2\/comments?post=7204"}],"version-history":[{"count":0,"href":"https:\/\/www.midireccioneuropea.com\/pt\/wp-json\/wp\/v2\/posts\/7204\/revisions"}],"wp:featuredmedia":[{"embeddable":true,"href":"https:\/\/www.midireccioneuropea.com\/pt\/wp-json\/wp\/v2\/media\/7211"}],"wp:attachment":[{"href":"https:\/\/www.midireccioneuropea.com\/pt\/wp-json\/wp\/v2\/media?parent=7204"}],"wp:term":[{"taxonomy":"category","embeddable":true,"href":"https:\/\/www.midireccioneuropea.com\/pt\/wp-json\/wp\/v2\/categories?post=7204"},{"taxonomy":"post_tag","embeddable":true,"href":"https:\/\/www.midireccioneuropea.com\/pt\/wp-json\/wp\/v2\/tags?post=7204"}],"curies":[{"name":"wp","href":"https:\/\/api.w.org\/{rel}","templated":true}]}}