{"id":7192,"date":"2026-08-31T13:35:32","date_gmt":"2026-08-31T13:35:32","guid":{"rendered":"https:\/\/www.midireccioneuropea.com\/?p=7192"},"modified":"2026-08-31T13:35:32","modified_gmt":"2026-08-31T13:35:32","slug":"calendario-de-ofertas-online-2026-2027","status":"publish","type":"post","link":"https:\/\/www.midireccioneuropea.com\/pt\/calendario-de-ofertas-online-2026-2027\/","title":{"rendered":"Calendario de Ofertas Online 2026-2027"},"content":{"rendered":"<p>Comprar barato do exterior n\u00e3o \u00e9 quest\u00e3o de sorte, \u00e9 quest\u00e3o de <strong>calend\u00e1rio<\/strong>. Ao longo do ano h\u00e1 mais de uma dezena de grandes eventos de descontos na Europa, Estados Unidos, China e Oceania, e se voc\u00ea sabe quando cai cada um e em quais lojas comprar, pode planejar com meses de anteced\u00eancia e receber no seu pa\u00eds pelo melhor pre\u00e7o. Esteja voc\u00ea na Am\u00e9rica Latina, <strong>Estados Unidos, Reino Unido ou Austr\u00e1lia<\/strong>, guarde este guia: \u00e9 o seu <strong>calend\u00e1rio de ofertas online 2026-2027<\/strong> completo.<\/p>\n\n<h2>Calend\u00e1rio de ofertas 2026-2027 m\u00eas a m\u00eas<\/h2>\n<table>\n<thead><tr><th>Data<\/th><th>Evento<\/th><th>Lojas onde comprar<\/th><\/tr><\/thead>\n<tbody>\n<tr><td>Come\u00e7o de janeiro<\/td><td>Promo\u00e7\u00f5es de inverno (Europa)<\/td><td><a href=\"https:\/\/www.zara.com\" target=\"_blank\" rel=\"noopener\">Zara<\/a>, <a href=\"https:\/\/www.zalando.es\" target=\"_blank\" rel=\"noopener\">Zalando<\/a>, <a href=\"https:\/\/www.elcorteingles.es\" target=\"_blank\" rel=\"noopener\">El Corte Ingl\u00e9s<\/a><\/td><\/tr>\n<tr><td>Janeiro<\/td><td>Promo\u00e7\u00f5es p\u00f3s-Natal (EUA\/UK)<\/td><td><a href=\"https:\/\/www.amazon.es\" target=\"_blank\" rel=\"noopener\">Amazon<\/a>, tecnologia e casa<\/td><\/tr>\n<tr><td>14 de fevereiro<\/td><td>S\u00e3o Valentim<\/td><td>Presentes, joalheria, <a href=\"https:\/\/www.sephora.es\" target=\"_blank\" rel=\"noopener\">Sephora<\/a><\/td><\/tr>\n<tr><td>Mar\u00e7o-abril<\/td><td>Amazon Spring Sale<\/td><td><a href=\"https:\/\/www.amazon.es\" target=\"_blank\" rel=\"noopener\">Amazon<\/a>: tecnologia e casa<\/td><\/tr>\n<tr><td>Maio-junho<\/td><td>EOFY Sales (Austr\u00e1lia) e Hot Sale (LatAm)<\/td><td>Comparar o pre\u00e7o local com a Europa: quase sempre a Europa ganha<\/td><\/tr>\n<tr><td>18 de junho<\/td><td>618 (China)<\/td><td><a href=\"https:\/\/www.aliexpress.com\" target=\"_blank\" rel=\"noopener\">AliExpress<\/a>, <a href=\"https:\/\/www.temu.com\" target=\"_blank\" rel=\"noopener\">Temu<\/a><\/td><\/tr>\n<tr><td>Julho<\/td><td>Amazon Prime Day<\/td><td><a href=\"https:\/\/www.amazon.es\" target=\"_blank\" rel=\"noopener\">Amazon<\/a> (data exata a confirmar)<\/td><\/tr>\n<tr><td>Julho<\/td><td>Promo\u00e7\u00f5es de ver\u00e3o (Europa)<\/td><td><a href=\"https:\/\/www.zara.com\" target=\"_blank\" rel=\"noopener\">Zara<\/a>, <a href=\"https:\/\/www.nike.com\" target=\"_blank\" rel=\"noopener\">Nike<\/a>, <a href=\"https:\/\/www.decathlon.es\" target=\"_blank\" rel=\"noopener\">Decathlon<\/a><\/td><\/tr>\n<tr><td>Agosto-setembro<\/td><td>Volta \u00e0s aulas<\/td><td><a href=\"https:\/\/www.fnac.es\" target=\"_blank\" rel=\"noopener\">Fnac<\/a>, <a href=\"https:\/\/www.mediamarkt.es\" target=\"_blank\" rel=\"noopener\">MediaMarkt<\/a><\/td><\/tr>\n<tr><td>Meados de outubro<\/td><td>Prime Big Deal Days<\/td><td><a href=\"https:\/\/www.amazon.es\" target=\"_blank\" rel=\"noopener\">Amazon<\/a> (data a confirmar)<\/td><\/tr>\n<tr><td>Novembro<\/td><td>Click Frenzy (Austr\u00e1lia)<\/td><td>Eletr\u00f4nicos e moda com envio para a caixa postal<\/td><\/tr>\n<tr><td>11 de novembro<\/td><td>Singles Day (11.11)<\/td><td><a href=\"https:\/\/www.aliexpress.com\" target=\"_blank\" rel=\"noopener\">AliExpress<\/a>, <a href=\"https:\/\/www.shein.com\" target=\"_blank\" rel=\"noopener\">Shein<\/a>, <a href=\"https:\/\/www.temu.com\" target=\"_blank\" rel=\"noopener\">Temu<\/a><\/td><\/tr>\n<tr><td>27 de novembro<\/td><td>Black Friday<\/td><td>Global: <a href=\"https:\/\/www.amazon.es\" target=\"_blank\" rel=\"noopener\">Amazon<\/a>, <a href=\"https:\/\/www.zara.com\" target=\"_blank\" rel=\"noopener\">Zara<\/a>, <a href=\"https:\/\/www.autodoc.es\" target=\"_blank\" rel=\"noopener\">AutoDoc<\/a><\/td><\/tr>\n<tr><td>30 de novembro<\/td><td>Cyber Monday<\/td><td>Tecnologia: <a href=\"https:\/\/www.apple.com\" target=\"_blank\" rel=\"noopener\">Apple<\/a>, <a href=\"https:\/\/www.mediamarkt.es\" target=\"_blank\" rel=\"noopener\">MediaMarkt<\/a><\/td><\/tr>\n<tr><td>Dezembro<\/td><td>Natal<\/td><td>\u00daltima chamada. Aten\u00e7\u00e3o aos prazos de envio<\/td><\/tr>\n<tr><td>26 de dezembro<\/td><td>Boxing Day (UK \/ Austr\u00e1lia)<\/td><td>Segunda grande rodada de promo\u00e7\u00f5es do ano<\/td><\/tr>\n<\/tbody>\n<\/table>\n<p>As datas fixas (Singles Day, Black Friday, Cyber Monday, S\u00e3o Valentim, Boxing Day) voc\u00ea j\u00e1 pode anotar. As do <a href=\"https:\/\/www.amazon.es\" target=\"_blank\" rel=\"noopener\">Amazon<\/a> Prime Day s\u00e3o anunciadas algumas semanas antes; vamos atualiz\u00e1-las no blog.<\/p>\n\n<h2>Os tr\u00eas picos que voc\u00ea n\u00e3o pode perder<\/h2>\n<p><strong>1. Novembro (Singles Day + Black Friday + Cyber Monday):<\/strong> o m\u00eas rei. Comece a preparar sua caixa postal em outubro. Contamos tudo no nosso guia da <a href=\"\/pt\/black-friday-2026-datas-e-o-que-comprar-em-cada-pais\/\">Black Friday 2026<\/a>.<\/p>\n<p><strong>2. Julho (Prime Day + promo\u00e7\u00f5es de ver\u00e3o):<\/strong> segundo grande pico, com a vantagem de coincidir com as promo\u00e7\u00f5es oficiais europeias. Confira as <a href=\"\/pt\/promocoes-de-verao-2026-china-europa-estados-unidos\/\">promo\u00e7\u00f5es de ver\u00e3o<\/a>.<\/p>\n<p><strong>3. Janeiro (promo\u00e7\u00f5es de inverno):<\/strong> o melhor momento para moda e cal\u00e7ados europeus, com <a href=\"https:\/\/www.zara.com\" target=\"_blank\" rel=\"noopener\">Zara<\/a> e <a href=\"https:\/\/www.zalando.es\" target=\"_blank\" rel=\"noopener\">Zalando<\/a> com at\u00e9 70% de desconto.<\/p>\n\n<h2>Como montar seu plano de compras anual<\/h2>\n<p>As pessoas que mais economizam n\u00e3o compram por impulso: distribuem suas compras ao longo do ano de acordo com quando cada categoria baixa de pre\u00e7o.<\/p>\n<ul>\n<li><strong>Moda e cal\u00e7ados:<\/strong> promo\u00e7\u00f5es de janeiro e julho na Europa. \u00c9 a\u00ed que est\u00e3o os maiores descontos.<\/li>\n<li><strong>Tecnologia e eletr\u00f4nicos:<\/strong> Prime Day (julho e outubro), Black Friday e Cyber Monday.<\/li>\n<li><strong>Brinquedos e colecionismo:<\/strong> Black Friday e as semanas anteriores ao Natal, antes que o estoque se esgote.<\/li>\n<li><strong>Casa e pequenos eletrodom\u00e9sticos:<\/strong> Prime Day e volta \u00e0s aulas.<\/li>\n<li><strong>Tudo que \u00e9 chin\u00eas (gadgets, moda econ\u00f4mica):<\/strong> 618 em junho e Singles Day em novembro.<\/li>\n<\/ul>\n<p>A regra de ouro: anote o pre\u00e7o \"normal\" do que voc\u00ea quer algumas semanas antes de cada evento. Assim voc\u00ea distingue o desconto real do inflado.<\/p>\n\n<p>Veja em um minuto como funciona:<\/p>\n<div class=\"mde-video\" style=\"position:relative;padding-bottom:56.25%;height:0;overflow:hidden;max-width:100%;margin:1.5em 0;\"><iframe style=\"position:absolute;top:0;left:0;width:100%;height:100%;\" src=\"https:\/\/www.youtube.com\/embed\/z9PBJI-F-X8\" title=\"Consolidacao inteligente: economize nos seus envios com a Minha Direcao Europeia\" frameborder=\"0\" allow=\"accelerometer; autoplay; clipboard-write; encrypted-media; gyroscope; picture-in-picture\" allowfullscreen><\/iframe><\/div>\n\n<h2>Como aproveitar qualquer oferta do seu pa\u00eds<\/h2>\n<p>O problema de sempre \u00e9 que muitas lojas n\u00e3o enviam para fora do seu pa\u00eds, ou o frete internacional devora o desconto. A solu\u00e7\u00e3o \u00e9 ter uma <strong>caixa postal no pa\u00eds de origem<\/strong>: voc\u00ea compra como um local, a loja entrega na sua caixa postal e n\u00f3s reenviamos o pacote at\u00e9 a sua casa, esteja voc\u00ea na Am\u00e9rica Latina, Estados Unidos, Reino Unido ou Austr\u00e1lia. Se voc\u00ea aproveita v\u00e1rios eventos seguidos, a <a href=\"\/pt\/consolidacao-de-pacotes-economize-ate-70-no-frete\/\">consolida\u00e7\u00e3o de pacotes<\/a> junta tudo em um envio e barateia o custo.<\/p>\n<p>Antes de comprar, <a href=\"\/pt\/cotacao-de-transporte\/\">calcule o frete at\u00e9 o seu pa\u00eds na cota\u00e7\u00e3o<\/a> para saber o pre\u00e7o final, incluindo impostos se houver no seu pa\u00eds.<\/p>\n<p><a href=\"https:\/\/app.midireccioneuropea.com\/users\/signup\"><strong>Criar minha conta agora<\/strong><\/a> e chegar preparado para a pr\u00f3xima oferta.<\/p>\n\n<h2>Perguntas frequentes<\/h2>\n<h3>Quais s\u00e3o os melhores meses para comprar barato online?<\/h3>\n<p>Os tr\u00eas picos s\u00e3o novembro (Singles Day, Black Friday e Cyber Monday), julho (Prime Day e promo\u00e7\u00f5es de ver\u00e3o) e janeiro (promo\u00e7\u00f5es de inverno). O Boxing Day (26 de dezembro) \u00e9 uma grande segunda rodada no Reino Unido e na Austr\u00e1lia.<\/p>\n<h3>Quando \u00e9 o Singles Day 2026?<\/h3>\n<p>O Singles Day \u00e9 sempre em 11 de novembro. Em 2026 cai numa quarta-feira e \u00e9 o grande evento de descontos de lojas chinesas como AliExpress, Shein e Temu.<\/p>\n<h3>Quando \u00e9 a Black Friday 2026?<\/h3>\n<p>Na sexta-feira, 27 de novembro de 2026, seguida pelo Cyber Monday na segunda-feira, 30 de novembro.<\/p>\n<h3>Este calend\u00e1rio serve se eu moro nos EUA, Reino Unido ou Austr\u00e1lia?<\/h3>\n<p>Sim. Os eventos s\u00e3o globais e, com uma caixa postal no pa\u00eds de origem, voc\u00ea compra na loja que quiser e recebe na sua casa onde quer que esteja.<\/p>\n<h3>Posso comprar em lojas que n\u00e3o enviam para o meu pa\u00eds?<\/h3>\n<p>Sim. Com a sua caixa postal da Minha Dire\u00e7\u00e3o Europeia voc\u00ea usa um endere\u00e7o local no pa\u00eds de origem e n\u00f3s reenviamos o pacote at\u00e9 a sua casa.<\/p>\n\n<script type=\"application\/ld+json\">\n{\"@context\":\"https:\/\/schema.org\",\"@type\":\"BlogPosting\",\"headline\":\"Calend\u00e1rio de ofertas online 2026-2027\",\"datePublished\":\"2026-08-31\",\"dateModified\":\"2026-08-31\",\"author\":{\"@type\":\"Organization\",\"name\":\"Minha Direcao Europeia\"},\"publisher\":{\"@type\":\"Organization\",\"name\":\"Minha Direcao Europeia\"},\"description\":\"Todas as datas de ofertas de 2026 e 2027: Singles Day, Black Friday, Cyber Monday, Prime Day, Boxing Day e Click Frenzy, com as lojas onde comprar e como receber na Am\u00e9rica Latina, EUA, Reino Unido ou Austr\u00e1lia.\"}\n<\/script>\n<script type=\"application\/ld+json\">\n{\"@context\":\"https:\/\/schema.org\",\"@type\":\"FAQPage\",\"mainEntity\":[{\"@type\":\"Question\",\"name\":\"Quais s\u00e3o os melhores meses para comprar barato online?\",\"acceptedAnswer\":{\"@type\":\"Answer\",\"text\":\"Os tr\u00eas picos s\u00e3o novembro (Singles Day, Black Friday e Cyber Monday), julho (Prime Day e promo\u00e7\u00f5es de ver\u00e3o) e janeiro (promo\u00e7\u00f5es de inverno). O Boxing Day (26 de dezembro) \u00e9 uma grande segunda rodada no Reino Unido e na Austr\u00e1lia.\"}},{\"@type\":\"Question\",\"name\":\"Quando \u00e9 o Singles Day 2026?\",\"acceptedAnswer\":{\"@type\":\"Answer\",\"text\":\"Em 11 de novembro de 2026. \u00c9 o grande evento de descontos de lojas chinesas como AliExpress, Shein e Temu.\"}},{\"@type\":\"Question\",\"name\":\"Quando \u00e9 a Black Friday 2026?\",\"acceptedAnswer\":{\"@type\":\"Answer\",\"text\":\"Na sexta-feira, 27 de novembro de 2026, seguida pelo Cyber Monday na segunda-feira, 30 de novembro.\"}},{\"@type\":\"Question\",\"name\":\"Este calend\u00e1rio serve se eu moro nos EUA, Reino Unido ou Austr\u00e1lia?\",\"acceptedAnswer\":{\"@type\":\"Answer\",\"text\":\"Sim. Os eventos s\u00e3o globais e, com uma caixa postal no pa\u00eds de origem, voc\u00ea compra na loja que quiser e recebe na sua casa onde quer que esteja.\"}},{\"@type\":\"Question\",\"name\":\"Posso comprar em lojas que n\u00e3o enviam para o meu pa\u00eds?\",\"acceptedAnswer\":{\"@type\":\"Answer\",\"text\":\"Sim. Com a sua caixa postal voc\u00ea usa um endere\u00e7o local no pa\u00eds de origem e a Minha Direcao Europeia reenvia o pacote at\u00e9 a sua casa.\"}}]}\n<\/script>\n","protected":false},"excerpt":{"rendered":"Comprar barato do exterior n\u00e3o \u00e9 quest\u00e3o de sorte, \u00e9 quest\u00e3o de calend\u00e1rio. Ao longo do ano h\u00e1 mais de uma dezena de grandes eventos de descontos na Europa, Estados Unidos, China e Oceania, e se voc\u00ea sabe quando cai cada um e em quais lojas comprar, pode planejar com meses de anteced\u00eancia e receber&hellip;","protected":false},"author":1,"featured_media":7176,"comment_status":"closed","ping_status":"closed","sticky":false,"template":"","format":"standard","meta":{"inline_featured_image":false,"footnotes":""},"categories":[1],"tags":[],"class_list":["post-7192","post","type-post","status-publish","format-standard","has-post-thumbnail","hentry","category-sin-categorizar","category-1","description-off"],"yoast_head":"<!-- This site is optimized with the Yoast SEO Premium plugin v26.1 (Yoast SEO v28.0) - https:\/\/yoast.com\/product\/yoast-seo-premium-wordpress\/ -->\n<title>Calendario de Ofertas Online 2026-2027 - Minha Dire\u00e7\u00e3o Europeia<\/title>\n<meta name=\"description\" content=\"Todas as datas de ofertas de 2026-2027: Singles Day, Black Friday, Cyber Monday, Prime Day e mais, com as lojas e como receber no seu pais.\" \/>\n<meta name=\"robots\" content=\"index, follow, max-snippet:-1, max-image-preview:large, max-video-preview:-1\" \/>\n<link rel=\"canonical\" href=\"https:\/\/www.midireccioneuropea.com\/calendario-de-ofertas-online-2026-2027\/\" \/>\n<meta property=\"og:locale\" content=\"pt_PT\" \/>\n<meta property=\"og:type\" content=\"article\" \/>\n<meta property=\"og:title\" content=\"Calendario de Ofertas Online 2026-2027\" \/>\n<meta property=\"og:description\" content=\"Todas as datas de ofertas de 2026-2027: Singles Day, Black Friday, Cyber Monday, Prime Day e mais, com as lojas e como receber no seu pais.\" \/>\n<meta property=\"og:url\" content=\"https:\/\/www.midireccioneuropea.com\/calendario-de-ofertas-online-2026-2027\/\" \/>\n<meta property=\"og:site_name\" content=\"Minha Dire\u00e7\u00e3o Europeia\" \/>\n<meta property=\"article:publisher\" content=\"https:\/\/www.facebook.com\/midireccioneuropea\/\" \/>\n<meta property=\"article:published_time\" content=\"2026-08-31T13:35:32+00:00\" \/>\n<meta property=\"og:image\" content=\"https:\/\/www.midireccioneuropea.com\/wp-content\/uploads\/2026\/08\/calendario-de-ofertas-2026-2027.jpg\" \/>\n\t<meta property=\"og:image:width\" content=\"1280\" \/>\n\t<meta property=\"og:image:height\" content=\"720\" \/>\n\t<meta property=\"og:image:type\" content=\"image\/jpeg\" \/>\n<meta name=\"author\" content=\"ekualia\" \/>\n<meta name=\"twitter:card\" content=\"summary_large_image\" \/>\n<meta name=\"twitter:label1\" content=\"Escrito por\" \/>\n\t<meta name=\"twitter:data1\" content=\"ekualia\" \/>\n\t<meta name=\"twitter:label2\" content=\"Tempo estimado de leitura\" \/>\n\t<meta name=\"twitter:data2\" content=\"4 minutos\" \/>\n<script type=\"application\/ld+json\" class=\"yoast-schema-graph\">{\"@context\":\"https:\\\/\\\/schema.org\",\"@graph\":[{\"@type\":\"Article\",\"@id\":\"https:\\\/\\\/www.midireccioneuropea.com\\\/calendario-de-ofertas-online-2026-2027\\\/#article\",\"isPartOf\":{\"@id\":\"https:\\\/\\\/www.midireccioneuropea.com\\\/calendario-de-ofertas-online-2026-2027\\\/\"},\"author\":{\"name\":\"ekualia\",\"@id\":\"https:\\\/\\\/www.midireccioneuropea.com\\\/#\\\/schema\\\/person\\\/24d8aba9d64f93c2b41db39f4ffece90\"},\"headline\":\"Calendario de Ofertas Online 2026-2027\",\"datePublished\":\"2026-08-31T13:35:32+00:00\",\"mainEntityOfPage\":{\"@id\":\"https:\\\/\\\/www.midireccioneuropea.com\\\/calendario-de-ofertas-online-2026-2027\\\/\"},\"wordCount\":876,\"publisher\":{\"@id\":\"https:\\\/\\\/www.midireccioneuropea.com\\\/#organization\"},\"image\":{\"@id\":\"https:\\\/\\\/www.midireccioneuropea.com\\\/calendario-de-ofertas-online-2026-2027\\\/#primaryimage\"},\"thumbnailUrl\":\"https:\\\/\\\/www.midireccioneuropea.com\\\/wp-content\\\/uploads\\\/2026\\\/08\\\/calendario-de-ofertas-2026-2027.jpg\",\"articleSection\":[\"Sin categorizar\"],\"inLanguage\":\"pt-PT\"},{\"@type\":\"WebPage\",\"@id\":\"https:\\\/\\\/www.midireccioneuropea.com\\\/calendario-de-ofertas-online-2026-2027\\\/\",\"url\":\"https:\\\/\\\/www.midireccioneuropea.com\\\/calendario-de-ofertas-online-2026-2027\\\/\",\"name\":\"Calendario de Ofertas Online 2026-2027 - Minha Dire\u00e7\u00e3o Europeia\",\"isPartOf\":{\"@id\":\"https:\\\/\\\/www.midireccioneuropea.com\\\/#website\"},\"primaryImageOfPage\":{\"@id\":\"https:\\\/\\\/www.midireccioneuropea.com\\\/calendario-de-ofertas-online-2026-2027\\\/#primaryimage\"},\"image\":{\"@id\":\"https:\\\/\\\/www.midireccioneuropea.com\\\/calendario-de-ofertas-online-2026-2027\\\/#primaryimage\"},\"thumbnailUrl\":\"https:\\\/\\\/www.midireccioneuropea.com\\\/wp-content\\\/uploads\\\/2026\\\/08\\\/calendario-de-ofertas-2026-2027.jpg\",\"datePublished\":\"2026-08-31T13:35:32+00:00\",\"description\":\"Todas as datas de ofertas de 2026-2027: Singles Day, Black Friday, Cyber Monday, Prime Day e mais, com as lojas e como receber no seu pais.\",\"breadcrumb\":{\"@id\":\"https:\\\/\\\/www.midireccioneuropea.com\\\/calendario-de-ofertas-online-2026-2027\\\/#breadcrumb\"},\"inLanguage\":\"pt-PT\",\"potentialAction\":[{\"@type\":\"ReadAction\",\"target\":[\"https:\\\/\\\/www.midireccioneuropea.com\\\/calendario-de-ofertas-online-2026-2027\\\/\"]}]},{\"@type\":\"ImageObject\",\"inLanguage\":\"pt-PT\",\"@id\":\"https:\\\/\\\/www.midireccioneuropea.com\\\/calendario-de-ofertas-online-2026-2027\\\/#primaryimage\",\"url\":\"https:\\\/\\\/www.midireccioneuropea.com\\\/wp-content\\\/uploads\\\/2026\\\/08\\\/calendario-de-ofertas-2026-2027.jpg\",\"contentUrl\":\"https:\\\/\\\/www.midireccioneuropea.com\\\/wp-content\\\/uploads\\\/2026\\\/08\\\/calendario-de-ofertas-2026-2027.jpg\",\"width\":1280,\"height\":720,\"caption\":\"Calendario de ofertas con iconos de compras, bolsas, cajas y cami\u00f3n de reparto sobre un mapa mundial de env\u00edos internacionales\"},{\"@type\":\"BreadcrumbList\",\"@id\":\"https:\\\/\\\/www.midireccioneuropea.com\\\/calendario-de-ofertas-online-2026-2027\\\/#breadcrumb\",\"itemListElement\":[{\"@type\":\"ListItem\",\"position\":1,\"name\":\"Portada\",\"item\":\"https:\\\/\\\/www.midireccioneuropea.com\\\/pt\\\/\"},{\"@type\":\"ListItem\",\"position\":2,\"name\":\"Calendario de Ofertas Online 2026-2027\"}]},{\"@type\":\"WebSite\",\"@id\":\"https:\\\/\\\/www.midireccioneuropea.com\\\/#website\",\"url\":\"https:\\\/\\\/www.midireccioneuropea.com\\\/\",\"name\":\"Minha Dire\u00e7\u00e3o Europeia\",\"description\":\"O hotel ideal para os seus pacotes\",\"publisher\":{\"@id\":\"https:\\\/\\\/www.midireccioneuropea.com\\\/#organization\"},\"potentialAction\":[{\"@type\":\"SearchAction\",\"target\":{\"@type\":\"EntryPoint\",\"urlTemplate\":\"https:\\\/\\\/www.midireccioneuropea.com\\\/?s={search_term_string}\"},\"query-input\":{\"@type\":\"PropertyValueSpecification\",\"valueRequired\":true,\"valueName\":\"search_term_string\"}}],\"inLanguage\":\"pt-PT\"},{\"@type\":\"Organization\",\"@id\":\"https:\\\/\\\/www.midireccioneuropea.com\\\/#organization\",\"name\":\"Minha Dire\u00e7\u00e3o Europeia\",\"url\":\"https:\\\/\\\/www.midireccioneuropea.com\\\/\",\"logo\":{\"@type\":\"ImageObject\",\"@id\":\"https:\\\/\\\/www.midireccioneuropea.com\\\/#\\\/schema\\\/logo\\\/image\\\/\",\"url\":\"https:\\\/\\\/www.midireccioneuropea.com\\\/wp-content\\\/uploads\\\/2026\\\/06\\\/brand\\\/mde-degrade-512.png\",\"contentUrl\":\"https:\\\/\\\/www.midireccioneuropea.com\\\/wp-content\\\/uploads\\\/2026\\\/06\\\/brand\\\/mde-degrade-512.png\",\"width\":512,\"height\":512,\"caption\":\"Minha Dire\u00e7\u00e3o Europeia\"},\"image\":{\"@id\":\"https:\\\/\\\/www.midireccioneuropea.com\\\/#\\\/schema\\\/logo\\\/image\\\/\"},\"sameAs\":[\"https:\\\/\\\/www.facebook.com\\\/midireccioneuropea\\\/\",\"https:\\\/\\\/www.youtube.com\\\/@midireccioneuropea\",\"https:\\\/\\\/www.instagram.com\\\/midireccioneuropea\\\/\",\"https:\\\/\\\/www.tiktok.com\\\/@midireccioneuropea\"],\"legalName\":\"MDE HUB SL\",\"alternateName\":\"MDE\",\"description\":\"A Minha Dire\u00e7\u00e3o Europeia (MDE) \u00e9 um servi\u00e7o de reencaminhamento de encomendas e um centro log\u00edstico internacional: damos-lhe moradas postais pr\u00f3prias em 10 pa\u00edses da Europa, Am\u00e9rica e \u00c1sia para comprar em qualquer loja e receber, consolidar e reencaminhar os seus pacotes para qualquer parte do mundo. Servi\u00e7os: envio de encomendas (transportadora e correio), consolida\u00e7\u00e3o e reembalagem, compra assistida (\u00abCompra por mim\u00bb), cargas e paletes, mercadorias perigosas (ADR), armazenamento, morada postal europeia, cart\u00e3o SIM espanhol e seguimento inteligente com IA. Apoio em espanhol e ingl\u00eas.\",\"slogan\":\"O seu centro log\u00edstico de proximidade na Europa, Am\u00e9rica e \u00c1sia\",\"areaServed\":{\"@type\":\"Place\",\"name\":\"Worldwide\"},\"knowsAbout\":[\"Package forwarding\",\"Reenv\u00edo de paquetes\",\"Parcel consolidation\",\"Repackaging\",\"Assisted purchase \\\/ Personal shopper (\\\"Compra por m\u00ed\\\")\",\"International freight and pallets\",\"Dangerous goods (ADR) shipping\",\"Customs documentation\",\"European postal address\",\"Spanish prepaid SIM\",\"AI package tracking\"],\"contactPoint\":[{\"@type\":\"ContactPoint\",\"contactType\":\"customer support\",\"email\":\"comercial@midireccioneuropea.com\",\"availableLanguage\":[\"es\",\"en\"]}]},{\"@type\":\"Person\",\"@id\":\"https:\\\/\\\/www.midireccioneuropea.com\\\/#\\\/schema\\\/person\\\/24d8aba9d64f93c2b41db39f4ffece90\",\"name\":\"ekualia\",\"image\":{\"@type\":\"ImageObject\",\"inLanguage\":\"pt-PT\",\"@id\":\"https:\\\/\\\/secure.gravatar.com\\\/avatar\\\/b63fbe5ddeca8b51b7fe973bcc2c2f4ba93f8e7802e5251a7284d051a700d5f1?s=96&d=mm&r=g\",\"url\":\"https:\\\/\\\/secure.gravatar.com\\\/avatar\\\/b63fbe5ddeca8b51b7fe973bcc2c2f4ba93f8e7802e5251a7284d051a700d5f1?s=96&d=mm&r=g\",\"contentUrl\":\"https:\\\/\\\/secure.gravatar.com\\\/avatar\\\/b63fbe5ddeca8b51b7fe973bcc2c2f4ba93f8e7802e5251a7284d051a700d5f1?s=96&d=mm&r=g\",\"caption\":\"ekualia\"}}]}<\/script>\n<!-- \/ Yoast SEO Premium plugin. -->","yoast_head_json":{"title":"Calendario de Ofertas Online 2026-2027 - Minha Dire\u00e7\u00e3o Europeia","description":"Todas as datas de ofertas de 2026-2027: Singles Day, Black Friday, Cyber Monday, Prime Day e mais, com as lojas e como receber no seu pais.","robots":{"index":"index","follow":"follow","max-snippet":"max-snippet:-1","max-image-preview":"max-image-preview:large","max-video-preview":"max-video-preview:-1"},"canonical":"https:\/\/www.midireccioneuropea.com\/calendario-de-ofertas-online-2026-2027\/","og_locale":"pt_PT","og_type":"article","og_title":"Calendario de Ofertas Online 2026-2027","og_description":"Todas as datas de ofertas de 2026-2027: Singles Day, Black Friday, Cyber Monday, Prime Day e mais, com as lojas e como receber no seu pais.","og_url":"https:\/\/www.midireccioneuropea.com\/calendario-de-ofertas-online-2026-2027\/","og_site_name":"Minha Dire\u00e7\u00e3o Europeia","article_publisher":"https:\/\/www.facebook.com\/midireccioneuropea\/","article_published_time":"2026-08-31T13:35:32+00:00","og_image":[{"width":1280,"height":720,"url":"https:\/\/www.midireccioneuropea.com\/wp-content\/uploads\/2026\/08\/calendario-de-ofertas-2026-2027.jpg","type":"image\/jpeg"}],"author":"ekualia","twitter_card":"summary_large_image","twitter_misc":{"Escrito por":"ekualia","Tempo estimado de leitura":"4 minutos"},"schema":{"@context":"https:\/\/schema.org","@graph":[{"@type":"Article","@id":"https:\/\/www.midireccioneuropea.com\/calendario-de-ofertas-online-2026-2027\/#article","isPartOf":{"@id":"https:\/\/www.midireccioneuropea.com\/calendario-de-ofertas-online-2026-2027\/"},"author":{"name":"ekualia","@id":"https:\/\/www.midireccioneuropea.com\/#\/schema\/person\/24d8aba9d64f93c2b41db39f4ffece90"},"headline":"Calendario de Ofertas Online 2026-2027","datePublished":"2026-08-31T13:35:32+00:00","mainEntityOfPage":{"@id":"https:\/\/www.midireccioneuropea.com\/calendario-de-ofertas-online-2026-2027\/"},"wordCount":876,"publisher":{"@id":"https:\/\/www.midireccioneuropea.com\/#organization"},"image":{"@id":"https:\/\/www.midireccioneuropea.com\/calendario-de-ofertas-online-2026-2027\/#primaryimage"},"thumbnailUrl":"https:\/\/www.midireccioneuropea.com\/wp-content\/uploads\/2026\/08\/calendario-de-ofertas-2026-2027.jpg","articleSection":["Sin categorizar"],"inLanguage":"pt-PT"},{"@type":"WebPage","@id":"https:\/\/www.midireccioneuropea.com\/calendario-de-ofertas-online-2026-2027\/","url":"https:\/\/www.midireccioneuropea.com\/calendario-de-ofertas-online-2026-2027\/","name":"Calendario de Ofertas Online 2026-2027 - Minha Dire\u00e7\u00e3o Europeia","isPartOf":{"@id":"https:\/\/www.midireccioneuropea.com\/#website"},"primaryImageOfPage":{"@id":"https:\/\/www.midireccioneuropea.com\/calendario-de-ofertas-online-2026-2027\/#primaryimage"},"image":{"@id":"https:\/\/www.midireccioneuropea.com\/calendario-de-ofertas-online-2026-2027\/#primaryimage"},"thumbnailUrl":"https:\/\/www.midireccioneuropea.com\/wp-content\/uploads\/2026\/08\/calendario-de-ofertas-2026-2027.jpg","datePublished":"2026-08-31T13:35:32+00:00","description":"Todas as datas de ofertas de 2026-2027: Singles Day, Black Friday, Cyber Monday, Prime Day e mais, com as lojas e como receber no seu pais.","breadcrumb":{"@id":"https:\/\/www.midireccioneuropea.com\/calendario-de-ofertas-online-2026-2027\/#breadcrumb"},"inLanguage":"pt-PT","potentialAction":[{"@type":"ReadAction","target":["https:\/\/www.midireccioneuropea.com\/calendario-de-ofertas-online-2026-2027\/"]}]},{"@type":"ImageObject","inLanguage":"pt-PT","@id":"https:\/\/www.midireccioneuropea.com\/calendario-de-ofertas-online-2026-2027\/#primaryimage","url":"https:\/\/www.midireccioneuropea.com\/wp-content\/uploads\/2026\/08\/calendario-de-ofertas-2026-2027.jpg","contentUrl":"https:\/\/www.midireccioneuropea.com\/wp-content\/uploads\/2026\/08\/calendario-de-ofertas-2026-2027.jpg","width":1280,"height":720,"caption":"Calendario de ofertas con iconos de compras, bolsas, cajas y cami\u00f3n de reparto sobre un mapa mundial de env\u00edos internacionales"},{"@type":"BreadcrumbList","@id":"https:\/\/www.midireccioneuropea.com\/calendario-de-ofertas-online-2026-2027\/#breadcrumb","itemListElement":[{"@type":"ListItem","position":1,"name":"Portada","item":"https:\/\/www.midireccioneuropea.com\/pt\/"},{"@type":"ListItem","position":2,"name":"Calendario de Ofertas Online 2026-2027"}]},{"@type":"WebSite","@id":"https:\/\/www.midireccioneuropea.com\/#website","url":"https:\/\/www.midireccioneuropea.com\/","name":"Minha Dire\u00e7\u00e3o Europeia","description":"O hotel ideal para os seus pacotes","publisher":{"@id":"https:\/\/www.midireccioneuropea.com\/#organization"},"potentialAction":[{"@type":"SearchAction","target":{"@type":"EntryPoint","urlTemplate":"https:\/\/www.midireccioneuropea.com\/?s={search_term_string}"},"query-input":{"@type":"PropertyValueSpecification","valueRequired":true,"valueName":"search_term_string"}}],"inLanguage":"pt-PT"},{"@type":"Organization","@id":"https:\/\/www.midireccioneuropea.com\/#organization","name":"Minha Dire\u00e7\u00e3o Europeia","url":"https:\/\/www.midireccioneuropea.com\/","logo":{"@type":"ImageObject","@id":"https:\/\/www.midireccioneuropea.com\/#\/schema\/logo\/image\/","url":"https:\/\/www.midireccioneuropea.com\/wp-content\/uploads\/2026\/06\/brand\/mde-degrade-512.png","contentUrl":"https:\/\/www.midireccioneuropea.com\/wp-content\/uploads\/2026\/06\/brand\/mde-degrade-512.png","width":512,"height":512,"caption":"Minha Dire\u00e7\u00e3o Europeia"},"image":{"@id":"https:\/\/www.midireccioneuropea.com\/#\/schema\/logo\/image\/"},"sameAs":["https:\/\/www.facebook.com\/midireccioneuropea\/","https:\/\/www.youtube.com\/@midireccioneuropea","https:\/\/www.instagram.com\/midireccioneuropea\/","https:\/\/www.tiktok.com\/@midireccioneuropea"],"legalName":"MDE HUB SL","alternateName":"MDE","description":"A Minha Dire\u00e7\u00e3o Europeia (MDE) \u00e9 um servi\u00e7o de reencaminhamento de encomendas e um centro log\u00edstico internacional: damos-lhe moradas postais pr\u00f3prias em 10 pa\u00edses da Europa, Am\u00e9rica e \u00c1sia para comprar em qualquer loja e receber, consolidar e reencaminhar os seus pacotes para qualquer parte do mundo. Servi\u00e7os: envio de encomendas (transportadora e correio), consolida\u00e7\u00e3o e reembalagem, compra assistida (\u00abCompra por mim\u00bb), cargas e paletes, mercadorias perigosas (ADR), armazenamento, morada postal europeia, cart\u00e3o SIM espanhol e seguimento inteligente com IA. Apoio em espanhol e ingl\u00eas.","slogan":"O seu centro log\u00edstico de proximidade na Europa, Am\u00e9rica e \u00c1sia","areaServed":{"@type":"Place","name":"Worldwide"},"knowsAbout":["Package forwarding","Reenv\u00edo de paquetes","Parcel consolidation","Repackaging","Assisted purchase \/ Personal shopper (\"Compra por m\u00ed\")","International freight and pallets","Dangerous goods (ADR) shipping","Customs documentation","European postal address","Spanish prepaid SIM","AI package tracking"],"contactPoint":[{"@type":"ContactPoint","contactType":"customer support","email":"comercial@midireccioneuropea.com","availableLanguage":["es","en"]}]},{"@type":"Person","@id":"https:\/\/www.midireccioneuropea.com\/#\/schema\/person\/24d8aba9d64f93c2b41db39f4ffece90","name":"ekualia","image":{"@type":"ImageObject","inLanguage":"pt-PT","@id":"https:\/\/secure.gravatar.com\/avatar\/b63fbe5ddeca8b51b7fe973bcc2c2f4ba93f8e7802e5251a7284d051a700d5f1?s=96&d=mm&r=g","url":"https:\/\/secure.gravatar.com\/avatar\/b63fbe5ddeca8b51b7fe973bcc2c2f4ba93f8e7802e5251a7284d051a700d5f1?s=96&d=mm&r=g","contentUrl":"https:\/\/secure.gravatar.com\/avatar\/b63fbe5ddeca8b51b7fe973bcc2c2f4ba93f8e7802e5251a7284d051a700d5f1?s=96&d=mm&r=g","caption":"ekualia"}}]}},"_links":{"self":[{"href":"https:\/\/www.midireccioneuropea.com\/pt\/wp-json\/wp\/v2\/posts\/7192","targetHints":{"allow":["GET"]}}],"collection":[{"href":"https:\/\/www.midireccioneuropea.com\/pt\/wp-json\/wp\/v2\/posts"}],"about":[{"href":"https:\/\/www.midireccioneuropea.com\/pt\/wp-json\/wp\/v2\/types\/post"}],"author":[{"embeddable":true,"href":"https:\/\/www.midireccioneuropea.com\/pt\/wp-json\/wp\/v2\/users\/1"}],"replies":[{"embeddable":true,"href":"https:\/\/www.midireccioneuropea.com\/pt\/wp-json\/wp\/v2\/comments?post=7192"}],"version-history":[{"count":0,"href":"https:\/\/www.midireccioneuropea.com\/pt\/wp-json\/wp\/v2\/posts\/7192\/revisions"}],"wp:featuredmedia":[{"embeddable":true,"href":"https:\/\/www.midireccioneuropea.com\/pt\/wp-json\/wp\/v2\/media\/7176"}],"wp:attachment":[{"href":"https:\/\/www.midireccioneuropea.com\/pt\/wp-json\/wp\/v2\/media?parent=7192"}],"wp:term":[{"taxonomy":"category","embeddable":true,"href":"https:\/\/www.midireccioneuropea.com\/pt\/wp-json\/wp\/v2\/categories?post=7192"},{"taxonomy":"post_tag","embeddable":true,"href":"https:\/\/www.midireccioneuropea.com\/pt\/wp-json\/wp\/v2\/tags?post=7192"}],"curies":[{"name":"wp","href":"https:\/\/api.w.org\/{rel}","templated":true}]}}