{"id":7189,"date":"2026-08-31T13:34:40","date_gmt":"2026-08-31T13:34:40","guid":{"rendered":"https:\/\/www.midireccioneuropea.com\/?p=7189"},"modified":"2026-08-31T13:34:40","modified_gmt":"2026-08-31T13:34:40","slug":"black-friday-2026-datas-e-o-que-comprar-em-cada-pais","status":"publish","type":"post","link":"https:\/\/www.midireccioneuropea.com\/pt\/black-friday-2026-datas-e-o-que-comprar-em-cada-pais\/","title":{"rendered":"Black Friday 2026: Datas e o Que Comprar em Cada Pais"},"content":{"rendered":"<p>A <strong>Black Friday 2026<\/strong> cai na <strong>sexta-feira, 27 de novembro<\/strong>, e quem se prepara com anteced\u00eancia \u00e9 quem leva as melhores ofertas antes que se esgotem. Todo ano se repete a mesma hist\u00f3ria: as lojas europeias, americanas e chinesas derrubam os pre\u00e7os em at\u00e9 50-70%, mas muitas <strong>n\u00e3o enviam para fora do seu pa\u00eds<\/strong> ou cobram fretes internacionais que devoram o desconto. N\u00e3o importa se voc\u00ea compra do M\u00e9xico, Argentina ou Chile, ou dos <strong>Estados Unidos, Reino Unido ou Austr\u00e1lia<\/strong>: este guia te d\u00e1 o calend\u00e1rio completo, em quais lojas vale a pena comprar em cada pa\u00eds, como evitar os erros que arru\u00ednam a Black Friday e como receber tudo no seu endere\u00e7o, esteja onde estiver.<\/p>\n\n<h2>Calend\u00e1rio Black Friday 2026: todas as datas-chave<\/h2>\n<p>A temporada de ofertas de fim de ano n\u00e3o \u00e9 um \u00fanico dia, \u00e9 quase um m\u00eas e meio. Estas s\u00e3o as datas que voc\u00ea precisa anotar em 2026:<\/p>\n<ul>\n<li><strong>Meados de outubro - Amazon Prime Big Deal Days:<\/strong> o \"Prime Day de outono\" da <a href=\"https:\/\/www.amazon.es\" target=\"_blank\" rel=\"noopener\">Amazon<\/a> (EUA e Europa). A data exata de 2026 \u00e9 confirmada semanas antes; \u00e9 a largada.<\/li>\n<li><strong>11 de novembro - Singles Day (11.11):<\/strong> o maior evento de descontos do mundo, sobretudo em lojas chinesas como <a href=\"https:\/\/www.aliexpress.com\" target=\"_blank\" rel=\"noopener\">AliExpress<\/a>, <a href=\"https:\/\/www.shein.com\" target=\"_blank\" rel=\"noopener\">Shein<\/a> e <a href=\"https:\/\/www.temu.com\" target=\"_blank\" rel=\"noopener\">Temu<\/a>. Ideal para tecnologia, moda e gadgets a pre\u00e7o de f\u00e1brica.<\/li>\n<li><strong>26 de novembro - Thanksgiving (A\u00e7\u00e3o de Gra\u00e7as):<\/strong> o in\u00edcio n\u00e3o oficial das ofertas nos Estados Unidos; muitas lojas j\u00e1 abrem descontos na noite anterior.<\/li>\n<li><strong>27 de novembro - Black Friday:<\/strong> o grande dia. Descontos globais em moda, eletr\u00f4nicos, casa, beleza e colecionismo.<\/li>\n<li><strong>30 de novembro - Cyber Monday:<\/strong> o encerramento, com foco em tecnologia, eletr\u00f4nicos e assinaturas digitais.<\/li>\n<li><strong>Come\u00e7o de dezembro - Green Monday e Free Shipping Day:<\/strong> segunda onda de ofertas e fretes sem custo em muitas lojas dos EUA.<\/li>\n<li><strong>Dezembro - prazos de envio de Natal:<\/strong> as lojas definem datas-limite para entregar antes do Natal. Comprar na Black Friday te d\u00e1 margem de sobra.<\/li>\n<li><strong>26 de dezembro - Boxing Day:<\/strong> o grande dia de promo\u00e7\u00f5es no Reino Unido e na Austr\u00e1lia, perfeito para uma segunda rodada.<\/li>\n<\/ul>\n<p>Conselho que damos sempre: n\u00e3o importa onde voc\u00ea mora, a chave n\u00e3o \u00e9 s\u00f3 ca\u00e7ar o desconto, mas <strong>ter sua caixa postal pronta antes de 11 de novembro<\/strong> para n\u00e3o perder nenhum dia de ofertas.<\/p>\n\n<h2>Como se preparar passo a passo (checklist)<\/h2>\n<p>A Black Friday se ganha em outubro, n\u00e3o em 27 de novembro. Siga estes passos e voc\u00ea chegar\u00e1 com vantagem:<\/p>\n<ol>\n<li><strong>Crie sua caixa postal<\/strong> nos pa\u00edses onde vai comprar (Espanha, EUA, China, Reino Unido...). Voc\u00ea ter\u00e1 um endere\u00e7o local em cada um.<\/li>\n<li><strong>Fa\u00e7a sua lista de desejos<\/strong> semanas antes e anote o pre\u00e7o atual de cada produto. Assim voc\u00ea distinguir\u00e1 os descontos reais dos inflados.<\/li>\n<li><strong>Ative os alertas de pre\u00e7o<\/strong> nas lojas e salve os produtos no carrinho ou nos favoritos.<\/li>\n<li><strong>Tenha o meio de pagamento pronto<\/strong> e verifique se a loja aceita seu cart\u00e3o. Muitos cart\u00f5es latino-americanos falham em lojas europeias; se acontecer com voc\u00ea, confira nosso guia de <a href=\"\/pt\/wise-revolut-e-trade-republic-como-ter-seu-cartao-europeu-mesmo-morando-na-america-latina\/\">cart\u00f5es europeus como Wise ou Revolut<\/a>.<\/li>\n<li><strong>Calcule o frete antes<\/strong> com a <a href=\"\/pt\/cotacao-de-transporte\/\">cota\u00e7\u00e3o<\/a> para saber o custo final at\u00e9 o seu pa\u00eds.<\/li>\n<li><strong>Planeje a consolida\u00e7\u00e3o:<\/strong> se voc\u00ea vai comprar em v\u00e1rias lojas, deixe que se acumulem na sua caixa postal e envie tudo junto.<\/li>\n<\/ol>\n\n<h2>Quais lojas aproveitar ao m\u00e1ximo em cada pa\u00eds (e por qu\u00ea)<\/h2>\n<p>Nem todos os pa\u00edses d\u00e3o os mesmos descontos. Com armaz\u00e9ns pr\u00f3prios na Espanha, It\u00e1lia, Fran\u00e7a, Alemanha, Reino Unido, Estados Unidos, Turquia e China, isto \u00e9 o que mais vale a pena em cada origem:<\/p>\n<ul>\n<li><strong>Espanha, para come\u00e7ar pelo certo:<\/strong> a <a href=\"https:\/\/www.zara.com\" target=\"_blank\" rel=\"noopener\">Zara<\/a> derruba os pre\u00e7os de temporada, a <a href=\"https:\/\/www.elcorteingles.es\" target=\"_blank\" rel=\"noopener\">El Corte Ingl\u00e9s<\/a> concentra marcas, beleza e eletr\u00f4nicos com envio r\u00e1pido, e a <a href=\"https:\/\/www.amazon.es\" target=\"_blank\" rel=\"noopener\">Amazon Espanha<\/a> \u00e9 o curinga. Para segunda m\u00e3o de marca pela metade do pre\u00e7o, <a href=\"https:\/\/www.vinted.es\" target=\"_blank\" rel=\"noopener\">Vinted<\/a> e <a href=\"https:\/\/es.wallapop.com\" target=\"_blank\" rel=\"noopener\">Wallapop<\/a>.<\/li>\n<li><strong>Alemanha, se voc\u00ea tem carro:<\/strong> a <a href=\"https:\/\/www.autodoc.es\" target=\"_blank\" rel=\"noopener\">AutoDoc<\/a> \u00e9 a loja de pe\u00e7as e acess\u00f3rios automotivos com os melhores pre\u00e7os em pe\u00e7as originais. A Black Friday \u00e9 o momento de comprar aquela pe\u00e7a que voc\u00ea adia h\u00e1 meses. Para eletr\u00f4nicos e eletrodom\u00e9sticos, <a href=\"https:\/\/www.mediamarkt.es\" target=\"_blank\" rel=\"noopener\">MediaMarkt<\/a>.<\/li>\n<li><strong>Fran\u00e7a, para colecionadores e fam\u00edlias:<\/strong> <a href=\"https:\/\/www.lego.com\" target=\"_blank\" rel=\"noopener\">LEGO<\/a> e <a href=\"https:\/\/www.fnac.es\" target=\"_blank\" rel=\"noopener\">Fnac<\/a> d\u00e3o descontos em jogos, tecnologia e cultura; a Fran\u00e7a \u00e9 o para\u00edso do colecionismo e do modelismo.<\/li>\n<li><strong>Estados Unidos (armaz\u00e9m Tax Free):<\/strong> compre tecnologia sem o imposto estadual de vendas. <a href=\"https:\/\/www.apple.com\" target=\"_blank\" rel=\"noopener\">Apple<\/a>, consoles e eletr\u00f4nicos saem aqui mais baratos do que em qualquer outro lugar. \u00c9 a melhor origem para quem busca o que h\u00e1 de mais novo em gadgets.<\/li>\n<li><strong>China (armaz\u00e9m pr\u00f3prio):<\/strong> o 11.11 \u00e9 o evento do ano. Na <a href=\"https:\/\/www.aliexpress.com\" target=\"_blank\" rel=\"noopener\">AliExpress<\/a>, <a href=\"https:\/\/www.shein.com\" target=\"_blank\" rel=\"noopener\">Shein<\/a> e <a href=\"https:\/\/www.temu.com\" target=\"_blank\" rel=\"noopener\">Temu<\/a> voc\u00ea compra a pre\u00e7o de origem e consolida v\u00e1rios pacotes em um s\u00f3.<\/li>\n<li><strong>It\u00e1lia:<\/strong> moda e cal\u00e7ados de marcas europeias, tamb\u00e9m na <a href=\"https:\/\/www.zalando.es\" target=\"_blank\" rel=\"noopener\">Zalando<\/a> com devolu\u00e7\u00f5es f\u00e1ceis.<\/li>\n<li><strong>Reino Unido:<\/strong> moda brit\u00e2nica exclusiva e t\u00eanis da <a href=\"https:\/\/www.nike.com\" target=\"_blank\" rel=\"noopener\">Nike<\/a> com edi\u00e7\u00f5es que n\u00e3o chegam a outros mercados.<\/li>\n<\/ul>\n\n<h2>O que vale a pena comprar dependendo de onde voc\u00ea mora<\/h2>\n<p>A Black Friday n\u00e3o se aproveita da mesma forma em cada mercado:<\/p>\n<ul>\n<li><strong>Am\u00e9rica Latina:<\/strong> a diferen\u00e7a de pre\u00e7o \u00e9 enorme em tecnologia, moda de marca e pe\u00e7as automotivas. Comprar na Europa ou nos EUA e reenviar costuma sair bem abaixo do pre\u00e7o local, mesmo somando o frete.<\/li>\n<li><strong>Estados Unidos:<\/strong> aproveite para conseguir marcas e produtos europeus que n\u00e3o s\u00e3o vendidos l\u00e1 (moda italiana, colecion\u00e1veis, pe\u00e7as de carros europeus).<\/li>\n<li><strong>Reino Unido:<\/strong> ap\u00f3s a sa\u00edda da UE, comprar em lojas do continente volta a ser interessante com uma caixa postal europeia que evita surpresas.<\/li>\n<li><strong>Austr\u00e1lia:<\/strong> um dos mercados onde a moda e a eletr\u00f4nica europeia s\u00e3o mais caras; a Black Friday europeia \u00e9 a sua melhor janela do ano.<\/li>\n<\/ul>\n\n<p>Veja em um minuto como funciona:<\/p>\n<div class=\"mde-video\" style=\"position:relative;padding-bottom:56.25%;height:0;overflow:hidden;max-width:100%;margin:1.5em 0;\"><iframe style=\"position:absolute;top:0;left:0;width:100%;height:100%;\" src=\"https:\/\/www.youtube.com\/embed\/cGVLl87o4Vg\" title=\"Compre em qualquer loja da Europa e receba no seu pais com a Minha Direcao Europeia\" frameborder=\"0\" allow=\"accelerometer; autoplay; clipboard-write; encrypted-media; gyroscope; picture-in-picture\" allowfullscreen><\/iframe><\/div>\n\n<h2>Os 5 erros que arru\u00ednam a Black Friday (e como evit\u00e1-los)<\/h2>\n<ol>\n<li><strong>N\u00e3o comparar o pre\u00e7o anterior:<\/strong> muitas lojas sobem o pre\u00e7o antes para depois \"baix\u00e1-lo\". Por isso voc\u00ea anotou o pre\u00e7o real semanas antes.<\/li>\n<li><strong>Ignorar os impostos de importa\u00e7\u00e3o:<\/strong> cada pa\u00eds aplica sua pr\u00f3pria franquia e seus impostos. Declare bem o conte\u00fado e calcule o total antes de comprar.<\/li>\n<li><strong>Comprar avulso em vez de consolidar:<\/strong> cinco pacotes separados custam muito mais do que um \u00fanico envio consolidado.<\/li>\n<li><strong>Deixar para o \u00faltimo dia:<\/strong> o mais procurado se esgota em horas. Com a caixa postal pronta, voc\u00ea compra no primeiro minuto.<\/li>\n<li><strong>N\u00e3o conferir a pol\u00edtica de devolu\u00e7\u00f5es:<\/strong> compre em lojas s\u00e9rias; com a sua caixa postal voc\u00ea tamb\u00e9m pode gerenciar trocas dentro da Europa.<\/li>\n<\/ol>\n\n<h2>Impostos de importa\u00e7\u00e3o de acordo com o seu pa\u00eds<\/h2>\n<p>Antes de comprar, vale a pena entender como o seu pa\u00eds tributa as importa\u00e7\u00f5es, porque isso muda o custo final:<\/p>\n<ul>\n<li><strong>Am\u00e9rica Latina:<\/strong> cada pa\u00eds tem sua pr\u00f3pria franquia. A Argentina, por exemplo, a elevou para 400 USD com o Decreto 604\/2026; explicamos tudo <a href=\"\/pt\/decreto-604-2026-argentina-franquia-400-dolares-correios-e-transportadoras\/\">neste guia<\/a>. Verifique sempre o limite do seu pa\u00eds.<\/li>\n<li><strong>Reino Unido e Austr\u00e1lia:<\/strong> costumam aplicar IVA\/GST \u00e0s importa\u00e7\u00f5es. Vale a pena declarar bem as compras para evitar reten\u00e7\u00f5es.<\/li>\n<li><strong>Estados Unidos:<\/strong> as regras de importa\u00e7\u00e3o de baixo valor mudaram em 2025-2026, ent\u00e3o verifique o limite vigente antes de comprar.<\/li>\n<\/ul>\n<p>Em todos os casos, a <a href=\"\/pt\/cotacao-de-transporte\/\">cota\u00e7\u00e3o<\/a> te d\u00e1 o custo do frete e voc\u00ea pode declarar o conte\u00fado corretamente para que o pacote viaje sem surpresas.<\/p>\n\n<h2>Como comprar em qualquer loja e receber no seu pa\u00eds<\/h2>\n<p>O truque para aproveitar a Black Friday, n\u00e3o importa onde voc\u00ea mora, \u00e9 simples: voc\u00ea compra na loja que quiser usando o <strong>endere\u00e7o da sua caixa postal<\/strong> no pa\u00eds de origem, e n\u00f3s reenviamos o pacote at\u00e9 a sua casa. Se voc\u00ea compra em v\u00e1rias lojas, a <a href=\"\/pt\/consolidacao-de-pacotes-economize-ate-70-no-frete\/\">consolida\u00e7\u00e3o de pacotes<\/a> junta tudo em um \u00fanico envio e economiza dinheiro. E se voc\u00ea quer um item espec\u00edfico de uma loja que nem sequer aceita seu cart\u00e3o, com o servi\u00e7o <strong>Compre por mim<\/strong> n\u00f3s compramos por voc\u00ea.<\/p>\n<p>Antes de comprar, <a href=\"\/pt\/cotacao-de-transporte\/\">calcule quanto custa o frete at\u00e9 o seu pa\u00eds<\/a>. E se voc\u00ea procura ideias, veja <a href=\"\/pt\/o-truque-para-comprar-no-wallapop-e-vinted-de-qualquer-pais\/\">como comprar no Wallapop e Vinted de qualquer pa\u00eds<\/a> ou <a href=\"\/pt\/autodoc-ao-alcance-de-todo-o-mundo-as-suas-pecas-de-reposicao-europeias-com-envio-internacional\/\">como conseguir pe\u00e7as de carro na AutoDoc<\/a>.<\/p>\n<p><a href=\"https:\/\/app.midireccioneuropea.com\/users\/signup\"><strong>Criar minha conta agora<\/strong><\/a> e chegar preparado \u00e0 Black Friday 2026.<\/p>\n\n<h2>Perguntas frequentes<\/h2>\n<h3>Quando \u00e9 a Black Friday 2026?<\/h3>\n<p>A Black Friday 2026 \u00e9 na sexta-feira, 27 de novembro. A temporada come\u00e7a com o Prime Big Deal Days em outubro e o Singles Day em 11 de novembro, e se encerra com o Cyber Monday em 30 de novembro e o Boxing Day em 26 de dezembro.<\/p>\n<h3>Posso comprar em lojas que n\u00e3o enviam para o meu pa\u00eds?<\/h3>\n<p>Sim. Voc\u00ea usa o endere\u00e7o da sua caixa postal da Minha Dire\u00e7\u00e3o Europeia no pa\u00eds de origem (Espanha, EUA, China, Reino Unido, etc.), a loja entrega l\u00e1 e n\u00f3s reenviamos o pacote at\u00e9 a sua casa, esteja voc\u00ea na Am\u00e9rica Latina, Estados Unidos, Reino Unido ou Austr\u00e1lia.<\/p>\n<h3>Vale a pena esperar a Black Friday ou comprar no Singles Day?<\/h3>\n<p>Depende do produto. Para tecnologia e moda chinesa (AliExpress, Shein, Temu), o Singles Day (11.11) costuma ter os melhores pre\u00e7os. Para eletr\u00f4nicos dos EUA e da Europa, a Black Friday e o Cyber Monday. Com a sua caixa postal pronta, voc\u00ea aproveita os dois.<\/p>\n<h3>Como evito que o frete devore o desconto?<\/h3>\n<p>Consolidando v\u00e1rios pacotes em um s\u00f3 e calculando o frete antes de comprar com a cota\u00e7\u00e3o. Assim a economia da Black Friday chega intacta at\u00e9 a sua casa.<\/p>\n<h3>E quanto aos impostos ao importar?<\/h3>\n<p>Cada pa\u00eds aplica sua pr\u00f3pria franquia e impostos de importa\u00e7\u00e3o. Declarando bem o conte\u00fado e consultando o limite do seu pa\u00eds, voc\u00ea evita surpresas. Na cota\u00e7\u00e3o voc\u00ea v\u00ea o custo do frete.<\/p>\n<h3>Posso devolver um produto comprado na Black Friday?<\/h3>\n<p>Sim. Compre em lojas com boa pol\u00edtica de devolu\u00e7\u00f5es; com a sua caixa postal europeia voc\u00ea pode gerenciar trocas e devolu\u00e7\u00f5es dentro da Europa antes de reenviar.<\/p>\n\n<script type=\"application\/ld+json\">\n{\"@context\":\"https:\/\/schema.org\",\"@type\":\"NewsArticle\",\"headline\":\"Black Friday 2026: datas-chave e o que comprar em cada pa\u00eds\",\"datePublished\":\"2026-08-31\",\"dateModified\":\"2026-08-31\",\"author\":{\"@type\":\"Organization\",\"name\":\"Minha Direcao Europeia\"},\"publisher\":{\"@type\":\"Organization\",\"name\":\"Minha Direcao Europeia\"},\"description\":\"Calend\u00e1rio da Black Friday 2026 (27 de novembro), Singles Day, Cyber Monday e Boxing Day, com as melhores lojas por pa\u00eds, checklist de prepara\u00e7\u00e3o e como receber na Am\u00e9rica Latina, EUA, Reino Unido ou Austr\u00e1lia.\"}\n<\/script>\n<script type=\"application\/ld+json\">\n{\"@context\":\"https:\/\/schema.org\",\"@type\":\"FAQPage\",\"mainEntity\":[{\"@type\":\"Question\",\"name\":\"Quando \u00e9 a Black Friday 2026?\",\"acceptedAnswer\":{\"@type\":\"Answer\",\"text\":\"A Black Friday 2026 \u00e9 na sexta-feira, 27 de novembro. Antes est\u00e1 o Singles Day (11 de novembro) e depois o Cyber Monday (30 de novembro) e o Boxing Day (26 de dezembro).\"}},{\"@type\":\"Question\",\"name\":\"Posso comprar em lojas que n\u00e3o enviam para o meu pa\u00eds?\",\"acceptedAnswer\":{\"@type\":\"Answer\",\"text\":\"Sim. Voc\u00ea usa o endere\u00e7o da sua caixa postal no pa\u00eds de origem, a loja entrega l\u00e1 e a Minha Direcao Europeia reenvia o pacote at\u00e9 a sua casa, esteja voc\u00ea na Am\u00e9rica Latina, EUA, Reino Unido ou Austr\u00e1lia.\"}},{\"@type\":\"Question\",\"name\":\"Vale a pena esperar a Black Friday ou comprar no Singles Day?\",\"acceptedAnswer\":{\"@type\":\"Answer\",\"text\":\"Para tecnologia e moda chinesa (AliExpress, Shein, Temu), o Singles Day (11.11) costuma ter os melhores pre\u00e7os. Para eletr\u00f4nicos dos EUA e da Europa, a Black Friday e o Cyber Monday.\"}},{\"@type\":\"Question\",\"name\":\"Como evito que o frete devore o desconto?\",\"acceptedAnswer\":{\"@type\":\"Answer\",\"text\":\"Consolidando v\u00e1rios pacotes em um s\u00f3 e calculando o frete antes de comprar com a cota\u00e7\u00e3o.\"}},{\"@type\":\"Question\",\"name\":\"E quanto aos impostos ao importar?\",\"acceptedAnswer\":{\"@type\":\"Answer\",\"text\":\"Cada pa\u00eds aplica sua pr\u00f3pria franquia e impostos de importa\u00e7\u00e3o. Declarando bem o conte\u00fado e consultando o limite do seu pa\u00eds, voc\u00ea evita surpresas.\"}},{\"@type\":\"Question\",\"name\":\"Posso devolver um produto comprado na Black Friday?\",\"acceptedAnswer\":{\"@type\":\"Answer\",\"text\":\"Sim. Com a sua caixa postal europeia voc\u00ea pode gerenciar trocas e devolu\u00e7\u00f5es dentro da Europa antes de reenviar.\"}}]}\n<\/script>\n","protected":false},"excerpt":{"rendered":"A Black Friday 2026 cai na sexta-feira, 27 de novembro, e quem se prepara com anteced\u00eancia \u00e9 quem leva as melhores ofertas antes que se esgotem. Todo ano se repete a mesma hist\u00f3ria: as lojas europeias, americanas e chinesas derrubam os pre\u00e7os em at\u00e9 50-70%, mas muitas n\u00e3o enviam para fora do seu pa\u00eds ou&hellip;","protected":false},"author":1,"featured_media":7173,"comment_status":"closed","ping_status":"closed","sticky":false,"template":"","format":"standard","meta":{"inline_featured_image":false,"footnotes":""},"categories":[1],"tags":[],"class_list":["post-7189","post","type-post","status-publish","format-standard","has-post-thumbnail","hentry","category-sin-categorizar","category-1","description-off"],"yoast_head":"<!-- This site is optimized with the Yoast SEO Premium plugin v26.1 (Yoast SEO v28.0) - https:\/\/yoast.com\/product\/yoast-seo-premium-wordpress\/ -->\n<title>Black Friday 2026: Datas e o Que Comprar em Cada Pais - Minha Dire\u00e7\u00e3o Europeia<\/title>\n<meta name=\"description\" content=\"Black Friday 2026 (27 de novembro): datas, Singles Day, Cyber Monday e o que comprar em cada pais. Prepare sua caixa postal e receba na sua casa.\" \/>\n<meta name=\"robots\" content=\"index, follow, max-snippet:-1, max-image-preview:large, max-video-preview:-1\" \/>\n<link rel=\"canonical\" href=\"https:\/\/www.midireccioneuropea.com\/black-friday-2026-fechas-clave-y-que-comprar-en-cada-pais\/\" \/>\n<meta property=\"og:locale\" content=\"pt_PT\" \/>\n<meta property=\"og:type\" content=\"article\" \/>\n<meta property=\"og:title\" content=\"Black Friday 2026: Datas e o Que Comprar em Cada Pais\" \/>\n<meta property=\"og:description\" content=\"Black Friday 2026 (27 de novembro): datas, Singles Day, Cyber Monday e o que comprar em cada pais. Prepare sua caixa postal e receba na sua casa.\" \/>\n<meta property=\"og:url\" content=\"https:\/\/www.midireccioneuropea.com\/black-friday-2026-fechas-clave-y-que-comprar-en-cada-pais\/\" \/>\n<meta property=\"og:site_name\" content=\"Minha Dire\u00e7\u00e3o Europeia\" \/>\n<meta property=\"article:publisher\" content=\"https:\/\/www.facebook.com\/midireccioneuropea\/\" \/>\n<meta property=\"article:published_time\" content=\"2026-08-31T13:34:40+00:00\" \/>\n<meta property=\"og:image\" content=\"https:\/\/www.midireccioneuropea.com\/wp-content\/uploads\/2026\/08\/black-friday-2026-comprar-en-cada-pais.jpg\" \/>\n\t<meta property=\"og:image:width\" content=\"1280\" \/>\n\t<meta property=\"og:image:height\" content=\"720\" \/>\n\t<meta property=\"og:image:type\" content=\"image\/jpeg\" \/>\n<meta name=\"author\" content=\"ekualia\" \/>\n<meta name=\"twitter:card\" content=\"summary_large_image\" \/>\n<meta name=\"twitter:label1\" content=\"Escrito por\" \/>\n\t<meta name=\"twitter:data1\" content=\"ekualia\" \/>\n\t<meta name=\"twitter:label2\" content=\"Tempo estimado de leitura\" \/>\n\t<meta name=\"twitter:data2\" content=\"9 minutos\" \/>\n<script type=\"application\/ld+json\" class=\"yoast-schema-graph\">{\"@context\":\"https:\\\/\\\/schema.org\",\"@graph\":[{\"@type\":\"Article\",\"@id\":\"https:\\\/\\\/www.midireccioneuropea.com\\\/black-friday-2026-fechas-clave-y-que-comprar-en-cada-pais\\\/#article\",\"isPartOf\":{\"@id\":\"https:\\\/\\\/www.midireccioneuropea.com\\\/black-friday-2026-fechas-clave-y-que-comprar-en-cada-pais\\\/\"},\"author\":{\"name\":\"ekualia\",\"@id\":\"https:\\\/\\\/www.midireccioneuropea.com\\\/#\\\/schema\\\/person\\\/24d8aba9d64f93c2b41db39f4ffece90\"},\"headline\":\"Black Friday 2026: Datas e o Que Comprar em Cada Pais\",\"datePublished\":\"2026-08-31T13:34:40+00:00\",\"mainEntityOfPage\":{\"@id\":\"https:\\\/\\\/www.midireccioneuropea.com\\\/black-friday-2026-fechas-clave-y-que-comprar-en-cada-pais\\\/\"},\"wordCount\":1733,\"publisher\":{\"@id\":\"https:\\\/\\\/www.midireccioneuropea.com\\\/#organization\"},\"image\":{\"@id\":\"https:\\\/\\\/www.midireccioneuropea.com\\\/black-friday-2026-fechas-clave-y-que-comprar-en-cada-pais\\\/#primaryimage\"},\"thumbnailUrl\":\"https:\\\/\\\/www.midireccioneuropea.com\\\/wp-content\\\/uploads\\\/2026\\\/08\\\/black-friday-2026-comprar-en-cada-pais.jpg\",\"articleSection\":[\"Sin categorizar\"],\"inLanguage\":\"pt-PT\"},{\"@type\":\"WebPage\",\"@id\":\"https:\\\/\\\/www.midireccioneuropea.com\\\/black-friday-2026-fechas-clave-y-que-comprar-en-cada-pais\\\/\",\"url\":\"https:\\\/\\\/www.midireccioneuropea.com\\\/black-friday-2026-fechas-clave-y-que-comprar-en-cada-pais\\\/\",\"name\":\"Black Friday 2026: Datas e o Que Comprar em Cada Pais - Minha Dire\u00e7\u00e3o Europeia\",\"isPartOf\":{\"@id\":\"https:\\\/\\\/www.midireccioneuropea.com\\\/#website\"},\"primaryImageOfPage\":{\"@id\":\"https:\\\/\\\/www.midireccioneuropea.com\\\/black-friday-2026-fechas-clave-y-que-comprar-en-cada-pais\\\/#primaryimage\"},\"image\":{\"@id\":\"https:\\\/\\\/www.midireccioneuropea.com\\\/black-friday-2026-fechas-clave-y-que-comprar-en-cada-pais\\\/#primaryimage\"},\"thumbnailUrl\":\"https:\\\/\\\/www.midireccioneuropea.com\\\/wp-content\\\/uploads\\\/2026\\\/08\\\/black-friday-2026-comprar-en-cada-pais.jpg\",\"datePublished\":\"2026-08-31T13:34:40+00:00\",\"description\":\"Black Friday 2026 (27 de novembro): datas, Singles Day, Cyber Monday e o que comprar em cada pais. Prepare sua caixa postal e receba na sua casa.\",\"breadcrumb\":{\"@id\":\"https:\\\/\\\/www.midireccioneuropea.com\\\/black-friday-2026-fechas-clave-y-que-comprar-en-cada-pais\\\/#breadcrumb\"},\"inLanguage\":\"pt-PT\",\"potentialAction\":[{\"@type\":\"ReadAction\",\"target\":[\"https:\\\/\\\/www.midireccioneuropea.com\\\/black-friday-2026-fechas-clave-y-que-comprar-en-cada-pais\\\/\"]}]},{\"@type\":\"ImageObject\",\"inLanguage\":\"pt-PT\",\"@id\":\"https:\\\/\\\/www.midireccioneuropea.com\\\/black-friday-2026-fechas-clave-y-que-comprar-en-cada-pais\\\/#primaryimage\",\"url\":\"https:\\\/\\\/www.midireccioneuropea.com\\\/wp-content\\\/uploads\\\/2026\\\/08\\\/black-friday-2026-comprar-en-cada-pais.jpg\",\"contentUrl\":\"https:\\\/\\\/www.midireccioneuropea.com\\\/wp-content\\\/uploads\\\/2026\\\/08\\\/black-friday-2026-comprar-en-cada-pais.jpg\",\"width\":1280,\"height\":720,\"caption\":\"Cajas de env\u00edo y bolsas de compra de Mi Direcci\u00f3n Europea junto a un calendario de noviembre 2026 marcando el Black Friday, con un mapa mundial de rutas de env\u00edo\"},{\"@type\":\"BreadcrumbList\",\"@id\":\"https:\\\/\\\/www.midireccioneuropea.com\\\/black-friday-2026-fechas-clave-y-que-comprar-en-cada-pais\\\/#breadcrumb\",\"itemListElement\":[{\"@type\":\"ListItem\",\"position\":1,\"name\":\"Portada\",\"item\":\"https:\\\/\\\/www.midireccioneuropea.com\\\/pt\\\/\"},{\"@type\":\"ListItem\",\"position\":2,\"name\":\"Black Friday 2026: Datas e o Que Comprar em Cada Pais\"}]},{\"@type\":\"WebSite\",\"@id\":\"https:\\\/\\\/www.midireccioneuropea.com\\\/#website\",\"url\":\"https:\\\/\\\/www.midireccioneuropea.com\\\/\",\"name\":\"Minha Dire\u00e7\u00e3o Europeia\",\"description\":\"O hotel ideal para os seus pacotes\",\"publisher\":{\"@id\":\"https:\\\/\\\/www.midireccioneuropea.com\\\/#organization\"},\"potentialAction\":[{\"@type\":\"SearchAction\",\"target\":{\"@type\":\"EntryPoint\",\"urlTemplate\":\"https:\\\/\\\/www.midireccioneuropea.com\\\/?s={search_term_string}\"},\"query-input\":{\"@type\":\"PropertyValueSpecification\",\"valueRequired\":true,\"valueName\":\"search_term_string\"}}],\"inLanguage\":\"pt-PT\"},{\"@type\":\"Organization\",\"@id\":\"https:\\\/\\\/www.midireccioneuropea.com\\\/#organization\",\"name\":\"Minha Dire\u00e7\u00e3o Europeia\",\"url\":\"https:\\\/\\\/www.midireccioneuropea.com\\\/\",\"logo\":{\"@type\":\"ImageObject\",\"@id\":\"https:\\\/\\\/www.midireccioneuropea.com\\\/#\\\/schema\\\/logo\\\/image\\\/\",\"url\":\"https:\\\/\\\/www.midireccioneuropea.com\\\/wp-content\\\/uploads\\\/2026\\\/06\\\/brand\\\/mde-degrade-512.png\",\"contentUrl\":\"https:\\\/\\\/www.midireccioneuropea.com\\\/wp-content\\\/uploads\\\/2026\\\/06\\\/brand\\\/mde-degrade-512.png\",\"width\":512,\"height\":512,\"caption\":\"Minha Dire\u00e7\u00e3o Europeia\"},\"image\":{\"@id\":\"https:\\\/\\\/www.midireccioneuropea.com\\\/#\\\/schema\\\/logo\\\/image\\\/\"},\"sameAs\":[\"https:\\\/\\\/www.facebook.com\\\/midireccioneuropea\\\/\",\"https:\\\/\\\/www.youtube.com\\\/@midireccioneuropea\",\"https:\\\/\\\/www.instagram.com\\\/midireccioneuropea\\\/\",\"https:\\\/\\\/www.tiktok.com\\\/@midireccioneuropea\"],\"legalName\":\"MDE HUB SL\",\"alternateName\":\"MDE\",\"description\":\"A Minha Dire\u00e7\u00e3o Europeia (MDE) \u00e9 um servi\u00e7o de reencaminhamento de encomendas e um centro log\u00edstico internacional: damos-lhe moradas postais pr\u00f3prias em 10 pa\u00edses da Europa, Am\u00e9rica e \u00c1sia para comprar em qualquer loja e receber, consolidar e reencaminhar os seus pacotes para qualquer parte do mundo. Servi\u00e7os: envio de encomendas (transportadora e correio), consolida\u00e7\u00e3o e reembalagem, compra assistida (\u00abCompra por mim\u00bb), cargas e paletes, mercadorias perigosas (ADR), armazenamento, morada postal europeia, cart\u00e3o SIM espanhol e seguimento inteligente com IA. Apoio em espanhol e ingl\u00eas.\",\"slogan\":\"O seu centro log\u00edstico de proximidade na Europa, Am\u00e9rica e \u00c1sia\",\"areaServed\":{\"@type\":\"Place\",\"name\":\"Worldwide\"},\"knowsAbout\":[\"Package forwarding\",\"Reenv\u00edo de paquetes\",\"Parcel consolidation\",\"Repackaging\",\"Assisted purchase \\\/ Personal shopper (\\\"Compra por m\u00ed\\\")\",\"International freight and pallets\",\"Dangerous goods (ADR) shipping\",\"Customs documentation\",\"European postal address\",\"Spanish prepaid SIM\",\"AI package tracking\"],\"contactPoint\":[{\"@type\":\"ContactPoint\",\"contactType\":\"customer support\",\"email\":\"comercial@midireccioneuropea.com\",\"availableLanguage\":[\"es\",\"en\"]}]},{\"@type\":\"Person\",\"@id\":\"https:\\\/\\\/www.midireccioneuropea.com\\\/#\\\/schema\\\/person\\\/24d8aba9d64f93c2b41db39f4ffece90\",\"name\":\"ekualia\",\"image\":{\"@type\":\"ImageObject\",\"inLanguage\":\"pt-PT\",\"@id\":\"https:\\\/\\\/secure.gravatar.com\\\/avatar\\\/b63fbe5ddeca8b51b7fe973bcc2c2f4ba93f8e7802e5251a7284d051a700d5f1?s=96&d=mm&r=g\",\"url\":\"https:\\\/\\\/secure.gravatar.com\\\/avatar\\\/b63fbe5ddeca8b51b7fe973bcc2c2f4ba93f8e7802e5251a7284d051a700d5f1?s=96&d=mm&r=g\",\"contentUrl\":\"https:\\\/\\\/secure.gravatar.com\\\/avatar\\\/b63fbe5ddeca8b51b7fe973bcc2c2f4ba93f8e7802e5251a7284d051a700d5f1?s=96&d=mm&r=g\",\"caption\":\"ekualia\"}}]}<\/script>\n<!-- \/ Yoast SEO Premium plugin. -->","yoast_head_json":{"title":"Black Friday 2026: Datas e o Que Comprar em Cada Pais - Minha Dire\u00e7\u00e3o Europeia","description":"Black Friday 2026 (27 de novembro): datas, Singles Day, Cyber Monday e o que comprar em cada pais. Prepare sua caixa postal e receba na sua casa.","robots":{"index":"index","follow":"follow","max-snippet":"max-snippet:-1","max-image-preview":"max-image-preview:large","max-video-preview":"max-video-preview:-1"},"canonical":"https:\/\/www.midireccioneuropea.com\/black-friday-2026-fechas-clave-y-que-comprar-en-cada-pais\/","og_locale":"pt_PT","og_type":"article","og_title":"Black Friday 2026: Datas e o Que Comprar em Cada Pais","og_description":"Black Friday 2026 (27 de novembro): datas, Singles Day, Cyber Monday e o que comprar em cada pais. Prepare sua caixa postal e receba na sua casa.","og_url":"https:\/\/www.midireccioneuropea.com\/black-friday-2026-fechas-clave-y-que-comprar-en-cada-pais\/","og_site_name":"Minha Dire\u00e7\u00e3o Europeia","article_publisher":"https:\/\/www.facebook.com\/midireccioneuropea\/","article_published_time":"2026-08-31T13:34:40+00:00","og_image":[{"width":1280,"height":720,"url":"https:\/\/www.midireccioneuropea.com\/wp-content\/uploads\/2026\/08\/black-friday-2026-comprar-en-cada-pais.jpg","type":"image\/jpeg"}],"author":"ekualia","twitter_card":"summary_large_image","twitter_misc":{"Escrito por":"ekualia","Tempo estimado de leitura":"9 minutos"},"schema":{"@context":"https:\/\/schema.org","@graph":[{"@type":"Article","@id":"https:\/\/www.midireccioneuropea.com\/black-friday-2026-fechas-clave-y-que-comprar-en-cada-pais\/#article","isPartOf":{"@id":"https:\/\/www.midireccioneuropea.com\/black-friday-2026-fechas-clave-y-que-comprar-en-cada-pais\/"},"author":{"name":"ekualia","@id":"https:\/\/www.midireccioneuropea.com\/#\/schema\/person\/24d8aba9d64f93c2b41db39f4ffece90"},"headline":"Black Friday 2026: Datas e o Que Comprar em Cada Pais","datePublished":"2026-08-31T13:34:40+00:00","mainEntityOfPage":{"@id":"https:\/\/www.midireccioneuropea.com\/black-friday-2026-fechas-clave-y-que-comprar-en-cada-pais\/"},"wordCount":1733,"publisher":{"@id":"https:\/\/www.midireccioneuropea.com\/#organization"},"image":{"@id":"https:\/\/www.midireccioneuropea.com\/black-friday-2026-fechas-clave-y-que-comprar-en-cada-pais\/#primaryimage"},"thumbnailUrl":"https:\/\/www.midireccioneuropea.com\/wp-content\/uploads\/2026\/08\/black-friday-2026-comprar-en-cada-pais.jpg","articleSection":["Sin categorizar"],"inLanguage":"pt-PT"},{"@type":"WebPage","@id":"https:\/\/www.midireccioneuropea.com\/black-friday-2026-fechas-clave-y-que-comprar-en-cada-pais\/","url":"https:\/\/www.midireccioneuropea.com\/black-friday-2026-fechas-clave-y-que-comprar-en-cada-pais\/","name":"Black Friday 2026: Datas e o Que Comprar em Cada Pais - Minha Dire\u00e7\u00e3o Europeia","isPartOf":{"@id":"https:\/\/www.midireccioneuropea.com\/#website"},"primaryImageOfPage":{"@id":"https:\/\/www.midireccioneuropea.com\/black-friday-2026-fechas-clave-y-que-comprar-en-cada-pais\/#primaryimage"},"image":{"@id":"https:\/\/www.midireccioneuropea.com\/black-friday-2026-fechas-clave-y-que-comprar-en-cada-pais\/#primaryimage"},"thumbnailUrl":"https:\/\/www.midireccioneuropea.com\/wp-content\/uploads\/2026\/08\/black-friday-2026-comprar-en-cada-pais.jpg","datePublished":"2026-08-31T13:34:40+00:00","description":"Black Friday 2026 (27 de novembro): datas, Singles Day, Cyber Monday e o que comprar em cada pais. Prepare sua caixa postal e receba na sua casa.","breadcrumb":{"@id":"https:\/\/www.midireccioneuropea.com\/black-friday-2026-fechas-clave-y-que-comprar-en-cada-pais\/#breadcrumb"},"inLanguage":"pt-PT","potentialAction":[{"@type":"ReadAction","target":["https:\/\/www.midireccioneuropea.com\/black-friday-2026-fechas-clave-y-que-comprar-en-cada-pais\/"]}]},{"@type":"ImageObject","inLanguage":"pt-PT","@id":"https:\/\/www.midireccioneuropea.com\/black-friday-2026-fechas-clave-y-que-comprar-en-cada-pais\/#primaryimage","url":"https:\/\/www.midireccioneuropea.com\/wp-content\/uploads\/2026\/08\/black-friday-2026-comprar-en-cada-pais.jpg","contentUrl":"https:\/\/www.midireccioneuropea.com\/wp-content\/uploads\/2026\/08\/black-friday-2026-comprar-en-cada-pais.jpg","width":1280,"height":720,"caption":"Cajas de env\u00edo y bolsas de compra de Mi Direcci\u00f3n Europea junto a un calendario de noviembre 2026 marcando el Black Friday, con un mapa mundial de rutas de env\u00edo"},{"@type":"BreadcrumbList","@id":"https:\/\/www.midireccioneuropea.com\/black-friday-2026-fechas-clave-y-que-comprar-en-cada-pais\/#breadcrumb","itemListElement":[{"@type":"ListItem","position":1,"name":"Portada","item":"https:\/\/www.midireccioneuropea.com\/pt\/"},{"@type":"ListItem","position":2,"name":"Black Friday 2026: Datas e o Que Comprar em Cada Pais"}]},{"@type":"WebSite","@id":"https:\/\/www.midireccioneuropea.com\/#website","url":"https:\/\/www.midireccioneuropea.com\/","name":"Minha Dire\u00e7\u00e3o Europeia","description":"O hotel ideal para os seus pacotes","publisher":{"@id":"https:\/\/www.midireccioneuropea.com\/#organization"},"potentialAction":[{"@type":"SearchAction","target":{"@type":"EntryPoint","urlTemplate":"https:\/\/www.midireccioneuropea.com\/?s={search_term_string}"},"query-input":{"@type":"PropertyValueSpecification","valueRequired":true,"valueName":"search_term_string"}}],"inLanguage":"pt-PT"},{"@type":"Organization","@id":"https:\/\/www.midireccioneuropea.com\/#organization","name":"Minha Dire\u00e7\u00e3o Europeia","url":"https:\/\/www.midireccioneuropea.com\/","logo":{"@type":"ImageObject","@id":"https:\/\/www.midireccioneuropea.com\/#\/schema\/logo\/image\/","url":"https:\/\/www.midireccioneuropea.com\/wp-content\/uploads\/2026\/06\/brand\/mde-degrade-512.png","contentUrl":"https:\/\/www.midireccioneuropea.com\/wp-content\/uploads\/2026\/06\/brand\/mde-degrade-512.png","width":512,"height":512,"caption":"Minha Dire\u00e7\u00e3o Europeia"},"image":{"@id":"https:\/\/www.midireccioneuropea.com\/#\/schema\/logo\/image\/"},"sameAs":["https:\/\/www.facebook.com\/midireccioneuropea\/","https:\/\/www.youtube.com\/@midireccioneuropea","https:\/\/www.instagram.com\/midireccioneuropea\/","https:\/\/www.tiktok.com\/@midireccioneuropea"],"legalName":"MDE HUB SL","alternateName":"MDE","description":"A Minha Dire\u00e7\u00e3o Europeia (MDE) \u00e9 um servi\u00e7o de reencaminhamento de encomendas e um centro log\u00edstico internacional: damos-lhe moradas postais pr\u00f3prias em 10 pa\u00edses da Europa, Am\u00e9rica e \u00c1sia para comprar em qualquer loja e receber, consolidar e reencaminhar os seus pacotes para qualquer parte do mundo. Servi\u00e7os: envio de encomendas (transportadora e correio), consolida\u00e7\u00e3o e reembalagem, compra assistida (\u00abCompra por mim\u00bb), cargas e paletes, mercadorias perigosas (ADR), armazenamento, morada postal europeia, cart\u00e3o SIM espanhol e seguimento inteligente com IA. Apoio em espanhol e ingl\u00eas.","slogan":"O seu centro log\u00edstico de proximidade na Europa, Am\u00e9rica e \u00c1sia","areaServed":{"@type":"Place","name":"Worldwide"},"knowsAbout":["Package forwarding","Reenv\u00edo de paquetes","Parcel consolidation","Repackaging","Assisted purchase \/ Personal shopper (\"Compra por m\u00ed\")","International freight and pallets","Dangerous goods (ADR) shipping","Customs documentation","European postal address","Spanish prepaid SIM","AI package tracking"],"contactPoint":[{"@type":"ContactPoint","contactType":"customer support","email":"comercial@midireccioneuropea.com","availableLanguage":["es","en"]}]},{"@type":"Person","@id":"https:\/\/www.midireccioneuropea.com\/#\/schema\/person\/24d8aba9d64f93c2b41db39f4ffece90","name":"ekualia","image":{"@type":"ImageObject","inLanguage":"pt-PT","@id":"https:\/\/secure.gravatar.com\/avatar\/b63fbe5ddeca8b51b7fe973bcc2c2f4ba93f8e7802e5251a7284d051a700d5f1?s=96&d=mm&r=g","url":"https:\/\/secure.gravatar.com\/avatar\/b63fbe5ddeca8b51b7fe973bcc2c2f4ba93f8e7802e5251a7284d051a700d5f1?s=96&d=mm&r=g","contentUrl":"https:\/\/secure.gravatar.com\/avatar\/b63fbe5ddeca8b51b7fe973bcc2c2f4ba93f8e7802e5251a7284d051a700d5f1?s=96&d=mm&r=g","caption":"ekualia"}}]}},"_links":{"self":[{"href":"https:\/\/www.midireccioneuropea.com\/pt\/wp-json\/wp\/v2\/posts\/7189","targetHints":{"allow":["GET"]}}],"collection":[{"href":"https:\/\/www.midireccioneuropea.com\/pt\/wp-json\/wp\/v2\/posts"}],"about":[{"href":"https:\/\/www.midireccioneuropea.com\/pt\/wp-json\/wp\/v2\/types\/post"}],"author":[{"embeddable":true,"href":"https:\/\/www.midireccioneuropea.com\/pt\/wp-json\/wp\/v2\/users\/1"}],"replies":[{"embeddable":true,"href":"https:\/\/www.midireccioneuropea.com\/pt\/wp-json\/wp\/v2\/comments?post=7189"}],"version-history":[{"count":0,"href":"https:\/\/www.midireccioneuropea.com\/pt\/wp-json\/wp\/v2\/posts\/7189\/revisions"}],"wp:featuredmedia":[{"embeddable":true,"href":"https:\/\/www.midireccioneuropea.com\/pt\/wp-json\/wp\/v2\/media\/7173"}],"wp:attachment":[{"href":"https:\/\/www.midireccioneuropea.com\/pt\/wp-json\/wp\/v2\/media?parent=7189"}],"wp:term":[{"taxonomy":"category","embeddable":true,"href":"https:\/\/www.midireccioneuropea.com\/pt\/wp-json\/wp\/v2\/categories?post=7189"},{"taxonomy":"post_tag","embeddable":true,"href":"https:\/\/www.midireccioneuropea.com\/pt\/wp-json\/wp\/v2\/tags?post=7189"}],"curies":[{"name":"wp","href":"https:\/\/api.w.org\/{rel}","templated":true}]}}